{"id":8726,"date":"2018-11-30T10:09:43","date_gmt":"2018-11-30T09:09:43","guid":{"rendered":"https:\/\/www.terresens.com\/?p=8726"},"modified":"2019-11-27T11:26:58","modified_gmt":"2019-11-27T10:26:58","slug":"calendrier-dhiver-les-dates-douverture-et-de-fermeture-des-stations-de-ski","status":"publish","type":"post","link":"https:\/\/www.terresens.com\/fr\/calendrier-dhiver-les-dates-douverture-et-de-fermeture-des-stations-de-ski\/","title":{"rendered":"Calendrier d\u2019hiver : les dates d\u2019ouverture et de fermeture des stations de ski"},"content":{"rendered":"<h3 style=\"text-align: justify;\"><span style=\"color: #2d749c;\"><strong>D\u00e9couvrez le calendrier des domaines skiables\u00a0! Cet hiver ne manquez pas les dates d\u2019ouverture mais \u00e9galement de fermeture de vos stations de ski pr\u00e9f\u00e9r\u00e9es. <\/strong><\/span><\/h3>\n<p style=\"text-align: justify;\">Si le calendrier de l\u2019avent revient chaque ann\u00e9e, un autre \u00e9v\u00e9nement fait sa rentr\u00e9e. Les domaines skiables ouvrent leurs portes prochainement\u00a0! Un r\u00e9el bonheur pour les amoureux de la glisse qui profiteront de l\u2019enneigement des pistes dans diff\u00e9rentes stations des Alpes. Terr\u00e9sens vous propose une infographie de l\u2019ouverture et la fermeture des domaines skiables.<\/p>\n<p><a href=\"https:\/\/www.terresens.com\/wp-content\/uploads\/2018\/11\/Infographie_StationsPistes2018WEB.jpg\"><img loading=\"lazy\" decoding=\"async\" class=\"aligncenter wp-image-8711 size-large\" title=\"Dates d'ouverture et de fermeture des stations\" src=\"https:\/\/www.terresens.com\/wp-content\/uploads\/2018\/11\/Infographie_StationsPistes2018WEB-700x993.jpg\" alt=\"Dates d'ouverture et de fermeture des stations\" width=\"700\" height=\"993\" srcset=\"https:\/\/www.terresens.com\/wp-content\/uploads\/2018\/11\/Infographie_StationsPistes2018WEB-700x993.jpg 700w, https:\/\/www.terresens.com\/wp-content\/uploads\/2018\/11\/Infographie_StationsPistes2018WEB-250x355.jpg 250w, https:\/\/www.terresens.com\/wp-content\/uploads\/2018\/11\/Infographie_StationsPistes2018WEB-768x1090.jpg 768w, https:\/\/www.terresens.com\/wp-content\/uploads\/2018\/11\/Infographie_StationsPistes2018WEB-120x170.jpg 120w, https:\/\/www.terresens.com\/wp-content\/uploads\/2018\/11\/Infographie_StationsPistes2018WEB.jpg 1748w\" sizes=\"auto, (max-width: 700px) 100vw, 700px\" \/><\/a><\/p>\n<p style=\"text-align: justify;\">Vous souhaitez profiter de votre station pr\u00e9f\u00e9r\u00e9e quand vous le souhaitez\u00a0? Devenez propri\u00e9taire avec Terr\u00e9sens\u00a0!<\/p>\n<p style=\"text-align: justify;\">D\u00e9couvrez nos programmes en cliquant dans la station de votre choix :<\/p>\n<p style=\"text-align: justify;\">Samo\u00ebns \u2013 <a href=\"https:\/\/www.terresens.com\/fr\/programmes-immobiliers\/samoens-investissement-residence\/\">Le Pr\u00e9 d\u2019Anne Chlo\u00e9<\/a><\/p>\n<p style=\"text-align: justify;\">Combloux \u2013 <a href=\"https:\/\/www.terresens.com\/fr\/programmes-immobiliers\/combloux-les-fermes-du-mont-blanc\/\">Les Fermes du Mont-Blanc<\/a><\/p>\n<p style=\"text-align: justify;\">La Rosi\u00e8re \u2013 <a href=\"https:\/\/www.terresens.com\/fr\/programmes-immobiliers\/la-rosiere-le-hameau-de-barthelemy\/\">Le Hameau de Barth\u00e9l\u00e9my<\/a><\/p>\n<p style=\"text-align: justify;\">La Plagne \u2013 <a href=\"https:\/\/www.terresens.com\/fr\/programmes-immobiliers\/la-plagne-le-diamant-des-neiges\/\">Le Diamant des Neiges<\/a><\/p>\n<p style=\"text-align: justify;\">Plagne Montalbert \u2013 <a href=\"https:\/\/www.terresens.com\/fr\/programmes-immobiliers\/investir-a-plagne-montalbert\/\">Le Snoroc<\/a><\/p>\n<p style=\"text-align: justify;\">Les Menuires \u2013 <a href=\"https:\/\/www.terresens.com\/fr\/?post_type=programme-immobilier&#038;p=815\">Le Coeur des Loges<\/a><\/p>\n<p style=\"text-align: justify;\">Vaujany \u2013 <a href=\"https:\/\/www.terresens.com\/fr\/?post_type=programme-immobilier&#038;p=5292\">Le Saphir<\/a> &amp; <a href=\"https:\/\/www.terresens.com\/fr\/programmes-immobiliers\/investir-a-vaujany-edelweiss\/\">Les Edelweiss<\/a><\/p>\n<p style=\"text-align: justify;\">Les 2 Alpes \u2013 <a href=\"https:\/\/www.terresens.com\/fr\/programmes-immobiliers\/investir-aux-2-alpes-chalet-soleil\/\">Le Chalet du Soleil<\/a><\/p>\n<p style=\"text-align: justify;\">Serre Chevalier \u2013 <a href=\"https:\/\/www.terresens.com\/fr\/programmes-immobiliers\/investir-a-serre-chevalier-prochainement-2\/\">Cristal Lodge<\/a><\/p>\n","protected":false},"excerpt":{"rendered":"D\u00e9couvrez le calendrier des domaines skiables\u00a0! Cet hiver ne manquez pas les dates d\u2019ouverture mais \u00e9galement de fermeture de vos stations de ski pr\u00e9f\u00e9r\u00e9es. Si le calendrier de l\u2019avent revient chaque ann\u00e9e, un autre \u00e9v\u00e9nement fait sa rentr\u00e9e. Les domaines skiables ouvrent leurs portes prochainement\u00a0! Un r\u00e9el bonheur pour les amoureux de la glisse qui\u2026","protected":false},"author":18,"featured_media":8735,"comment_status":"open","ping_status":"closed","sticky":false,"template":"","format":"standard","meta":{"footnotes":""},"categories":[56,54],"tags":[],"class_list":["post-8726","post","type-post","status-publish","format-standard","has-post-thumbnail","hentry","category-lifestyle","category-programmes"],"acf":[],"_links":{"self":[{"href":"https:\/\/www.terresens.com\/fr\/wp-json\/wp\/v2\/posts\/8726","targetHints":{"allow":["GET"]}}],"collection":[{"href":"https:\/\/www.terresens.com\/fr\/wp-json\/wp\/v2\/posts"}],"about":[{"href":"https:\/\/www.terresens.com\/fr\/wp-json\/wp\/v2\/types\/post"}],"author":[{"embeddable":true,"href":"https:\/\/www.terresens.com\/fr\/wp-json\/wp\/v2\/users\/18"}],"replies":[{"embeddable":true,"href":"https:\/\/www.terresens.com\/fr\/wp-json\/wp\/v2\/comments?post=8726"}],"version-history":[{"count":8,"href":"https:\/\/www.terresens.com\/fr\/wp-json\/wp\/v2\/posts\/8726\/revisions"}],"predecessor-version":[{"id":13094,"href":"https:\/\/www.terresens.com\/fr\/wp-json\/wp\/v2\/posts\/8726\/revisions\/13094"}],"wp:featuredmedia":[{"embeddable":true,"href":"https:\/\/www.terresens.com\/fr\/wp-json\/wp\/v2\/media\/8735"}],"wp:attachment":[{"href":"https:\/\/www.terresens.com\/fr\/wp-json\/wp\/v2\/media?parent=8726"}],"wp:term":[{"taxonomy":"category","embeddable":true,"href":"https:\/\/www.terresens.com\/fr\/wp-json\/wp\/v2\/categories?post=8726"},{"taxonomy":"post_tag","embeddable":true,"href":"https:\/\/www.terresens.com\/fr\/wp-json\/wp\/v2\/tags?post=8726"}],"curies":[{"name":"wp","href":"https:\/\/api.w.org\/{rel}","templated":true}]}}