{"id":7350,"date":"2018-08-21T09:42:08","date_gmt":"2018-08-21T08:42:08","guid":{"rendered":"https:\/\/www.terresens.com\/?p=7350"},"modified":"2019-11-27T11:29:31","modified_gmt":"2019-11-27T10:29:31","slug":"le-verdot-a-la-vigne","status":"publish","type":"post","link":"https:\/\/www.terresens.com\/fr\/le-verdot-a-la-vigne\/","title":{"rendered":"Le Verdot \u00e0 La Vigne &#8211; MAGAZINE #6"},"content":{"rendered":"<h3 dir=\"LTR\" style=\"text-align: justify;\" align=\"JUSTIFY\"><span style=\"color: #2d749c;\"><strong>Une r\u00e9sidence avec vue sur le Bassin et ses mille et un plaisirs.<\/strong><\/span><\/h3>\n<p dir=\"LTR\"><em><span style=\"font-size: small;\">Textes par Jocelyne Vidal \u2013 Article issu du Magazine Terr\u00e9sens 6<\/span><\/em><\/p>\n<p dir=\"LTR\" style=\"text-align: justify;\">Dernier village avant le Cap Ferret en direction de la pointe, La Vigne est facilement rep\u00e9rable gr\u00e2ce \u00e0 son port de plaisance visible depuis la route. Mais attention ici pas de yacht, seul les bateaux de moins de 7,5m sont accept\u00e9s, pas de quoi attirer la jet set de la C\u00f4te d\u2019Azur\u2026<\/p>\n<p dir=\"LTR\"><a href=\"https:\/\/www.terresens.com\/wp-content\/uploads\/2018\/08\/LeVerdot_1WEB-2.jpg\"><img loading=\"lazy\" decoding=\"async\" width=\"700\" height=\"467\" class=\"aligncenter size-large wp-image-7380\" src=\"https:\/\/www.terresens.com\/wp-content\/uploads\/2018\/08\/LeVerdot_1WEB-2-700x467.jpg\" alt=\"\" srcset=\"https:\/\/www.terresens.com\/wp-content\/uploads\/2018\/08\/LeVerdot_1WEB-2-700x467.jpg 700w, https:\/\/www.terresens.com\/wp-content\/uploads\/2018\/08\/LeVerdot_1WEB-2-250x167.jpg 250w, https:\/\/www.terresens.com\/wp-content\/uploads\/2018\/08\/LeVerdot_1WEB-2-768x512.jpg 768w, https:\/\/www.terresens.com\/wp-content\/uploads\/2018\/08\/LeVerdot_1WEB-2-120x80.jpg 120w, https:\/\/www.terresens.com\/wp-content\/uploads\/2018\/08\/LeVerdot_1WEB-2.jpg 1080w\" sizes=\"auto, (max-width: 700px) 100vw, 700px\" \/><\/a><\/p>\n<p dir=\"LTR\" style=\"text-align: justify;\">Le nom du village o\u00f9 se situe la r\u00e9sidence Le Verdot, est bel et bien inspir\u00e9 de vignes plant\u00e9es jadis autour d\u2019un r\u00e9servoir \u00e0 poisson, transform\u00e9 en port de plaisance. \u00c0 deux pas, la Plage de la Vigne invite \u00e0 larguer les amarres en famille: une zone de baignade surveill\u00e9e est r\u00e9serv\u00e9e aux enfants qui profitent de nombreuses activit\u00e9s, en laissant \u00e0 leurs parents le plaisir d\u2019admirer le panorama sur le Bassin d\u2019Arcachon et la Dune du Pilat. La Vigne est \u00e9galement r\u00e9put\u00e9e pour ses restaurants et bars tr\u00e8s anim\u00e9s en soir\u00e9e. C\u2019est ce cadre privil\u00e9gi\u00e9 qu\u2019a choisi My Second Home, filiale de Terr\u00e9sens (voir encadr\u00e9) pour proposer \u00e0 la location, une r\u00e9sidence compos\u00e9e de neuf appartements lumineux et fonctionnels de deux \u00e0 quatre pi\u00e8ces, aux larges terrasses ouvertes sur le Bassin et ses mille et un plaisirs.<\/p>\n<p dir=\"LTR\"><a href=\"https:\/\/www.terresens.com\/wp-content\/uploads\/2018\/08\/LeVerdot4_WEB.jpg\"><img loading=\"lazy\" decoding=\"async\" width=\"700\" height=\"467\" class=\"aligncenter size-large wp-image-7374\" src=\"https:\/\/www.terresens.com\/wp-content\/uploads\/2018\/08\/LeVerdot4_WEB-700x467.jpg\" alt=\"\" srcset=\"https:\/\/www.terresens.com\/wp-content\/uploads\/2018\/08\/LeVerdot4_WEB-700x467.jpg 700w, https:\/\/www.terresens.com\/wp-content\/uploads\/2018\/08\/LeVerdot4_WEB-250x167.jpg 250w, https:\/\/www.terresens.com\/wp-content\/uploads\/2018\/08\/LeVerdot4_WEB-768x512.jpg 768w, https:\/\/www.terresens.com\/wp-content\/uploads\/2018\/08\/LeVerdot4_WEB-120x80.jpg 120w, https:\/\/www.terresens.com\/wp-content\/uploads\/2018\/08\/LeVerdot4_WEB.jpg 1080w\" sizes=\"auto, (max-width: 700px) 100vw, 700px\" \/><\/a><\/p>\n<p dir=\"LTR\" style=\"text-align: justify;\">Jeux sur les plages du Bassin, surf et roulades \u00e0 l\u2019oc\u00e9an, matin\u00e9es de glisse avec un professionnel du surf, du bodyboard ou du kitesurf sur les 25 km de plages oc\u00e9anes ourl\u00e9es de sable fin\u2026 \u00c0 pied ou \u00e0 v\u00e9lo, sur un r\u00e9seau de 50 km de pistes cyclables, le Cap Ferret destination phare de la C\u00f4te d\u2019Argent, d\u00e9roule ses tr\u00e9sors, c\u00f4t\u00e9 for\u00eat ou au d\u00e9tour d\u2019une ruelle color\u00e9e o\u00f9 les ostr\u00e9iculteurs vous ouvrent leurs portes, le temps d\u2019une d\u00e9gustation les pieds dans le sable.<\/p>\n<p dir=\"LTR\"><strong>R\u00e9sidence Le Verdot &#8211; 36 Avenue de la Vigne 33950 Cap Ferret<\/strong><\/p>\n<p style=\"text-align: justify;\">T\u00e9l\u00e9phone : 05 56 60 49 75<\/p>\n<p style=\"text-align: justify;\"><a href=\"mailto:booking@terresens.com\">booking@terresens.com<\/a><\/p>\n<p style=\"text-align: justify;\"><a href=\"http:\/\/www.terresens-msh.com\/\">www.terresens-msh.com<\/a><\/p>\n<p>&nbsp;<\/p>\n","protected":false},"excerpt":{"rendered":"Une r\u00e9sidence avec vue sur le Bassin et ses mille et un plaisirs. Textes par Jocelyne Vidal \u2013 Article issu du Magazine Terr\u00e9sens 6 Dernier village avant le Cap Ferret en direction de la pointe, La Vigne est facilement rep\u00e9rable gr\u00e2ce \u00e0 son port de plaisance visible depuis la route. Mais attention ici pas de\u2026","protected":false},"author":18,"featured_media":7388,"comment_status":"open","ping_status":"closed","sticky":false,"template":"","format":"standard","meta":{"footnotes":""},"categories":[39],"tags":[],"class_list":["post-7350","post","type-post","status-publish","format-standard","has-post-thumbnail","hentry","category-magazine"],"acf":[],"_links":{"self":[{"href":"https:\/\/www.terresens.com\/fr\/wp-json\/wp\/v2\/posts\/7350","targetHints":{"allow":["GET"]}}],"collection":[{"href":"https:\/\/www.terresens.com\/fr\/wp-json\/wp\/v2\/posts"}],"about":[{"href":"https:\/\/www.terresens.com\/fr\/wp-json\/wp\/v2\/types\/post"}],"author":[{"embeddable":true,"href":"https:\/\/www.terresens.com\/fr\/wp-json\/wp\/v2\/users\/18"}],"replies":[{"embeddable":true,"href":"https:\/\/www.terresens.com\/fr\/wp-json\/wp\/v2\/comments?post=7350"}],"version-history":[{"count":10,"href":"https:\/\/www.terresens.com\/fr\/wp-json\/wp\/v2\/posts\/7350\/revisions"}],"predecessor-version":[{"id":13105,"href":"https:\/\/www.terresens.com\/fr\/wp-json\/wp\/v2\/posts\/7350\/revisions\/13105"}],"wp:featuredmedia":[{"embeddable":true,"href":"https:\/\/www.terresens.com\/fr\/wp-json\/wp\/v2\/media\/7388"}],"wp:attachment":[{"href":"https:\/\/www.terresens.com\/fr\/wp-json\/wp\/v2\/media?parent=7350"}],"wp:term":[{"taxonomy":"category","embeddable":true,"href":"https:\/\/www.terresens.com\/fr\/wp-json\/wp\/v2\/categories?post=7350"},{"taxonomy":"post_tag","embeddable":true,"href":"https:\/\/www.terresens.com\/fr\/wp-json\/wp\/v2\/tags?post=7350"}],"curies":[{"name":"wp","href":"https:\/\/api.w.org\/{rel}","templated":true}]}}