{"id":6267,"date":"2018-06-14T11:10:16","date_gmt":"2018-06-14T10:10:16","guid":{"rendered":"https:\/\/www.terresens.com\/?p=6267"},"modified":"2019-11-27T11:30:50","modified_gmt":"2019-11-27T10:30:50","slug":"2-destinations-ou-skier-cet-ete","status":"publish","type":"post","link":"https:\/\/www.terresens.com\/fr\/2-destinations-ou-skier-cet-ete\/","title":{"rendered":"2 destinations o\u00f9 skier cet \u00e9t\u00e9"},"content":{"rendered":"<h3 style=\"text-align: justify;\"><span style=\"color: #2d749c;\"><strong>On associe plus g\u00e9n\u00e9ralement l\u2019\u00e9t\u00e9 \u00e0 la mer et au sable fin. Toutefois, il est possible pour les nostalgiques de l\u2019hiver de passer les grandes vacances \u00e0 pratiquer les sports de glisse. Et c\u2019est bien en France que vous pourrez trouver votre bonheur\u2026<\/strong><\/span><\/h3>\n<h3><\/h3>\n<p>&nbsp;<\/p>\n<h3 style=\"text-align: justify;\"><span style=\"color: #000000;\"><strong>Les Deux Alpes et son glacier<\/strong><\/span><\/h3>\n<p style=\"text-align: justify;\">On connait les Deux Alpes pour sa situation entre le Sud et le Nord des Alpes. C\u2019est aussi l\u2019une des plus grandes stations internationales de ski. \u00c9t\u00e9 comme hiver, la station vous offre les pistes de son glacier l\u00e9gendaire\u2026<\/p>\n<p><a href=\"https:\/\/www.terresens.com\/wp-content\/uploads\/2018\/06\/OT-Les-2-Alpes-Bruno-LongoWEB.jpg\"><img loading=\"lazy\" decoding=\"async\" class=\"aligncenter wp-image-6270 size-large\" title=\"Ski_\u00e9t\u00e9_Terr\u00e9sens\" src=\"https:\/\/www.terresens.com\/wp-content\/uploads\/2018\/06\/OT-Les-2-Alpes-Bruno-LongoWEB-700x467.jpg\" alt=\"Ski_\u00e9t\u00e9_Terr\u00e9sens\" width=\"700\" height=\"467\" srcset=\"https:\/\/www.terresens.com\/wp-content\/uploads\/2018\/06\/OT-Les-2-Alpes-Bruno-LongoWEB-700x467.jpg 700w, https:\/\/www.terresens.com\/wp-content\/uploads\/2018\/06\/OT-Les-2-Alpes-Bruno-LongoWEB-250x167.jpg 250w, https:\/\/www.terresens.com\/wp-content\/uploads\/2018\/06\/OT-Les-2-Alpes-Bruno-LongoWEB-768x512.jpg 768w, https:\/\/www.terresens.com\/wp-content\/uploads\/2018\/06\/OT-Les-2-Alpes-Bruno-LongoWEB-120x80.jpg 120w, https:\/\/www.terresens.com\/wp-content\/uploads\/2018\/06\/OT-Les-2-Alpes-Bruno-LongoWEB.jpg 1080w\" sizes=\"auto, (max-width: 700px) 100vw, 700px\" \/><\/a><\/p>\n<p style=\"text-align: justify;\"><strong>Faites du ski toute l\u2019ann\u00e9e <\/strong><\/p>\n<p style=\"text-align: justify;\">La station des 2 Alpes poss\u00e8de un r\u00e9el avantage gr\u00e2ce \u00e0 son glacier. C\u2019est le plus grand glacier skiable d\u2019Europe. Un atout majeur qui fait r\u00eaver les passionn\u00e9s. Culminant \u00e0 3600 m d\u2019altitude, il garantit aux skieurs un enneigement naturel sur le long terme. Rares sont les stations qui gardent cette qualit\u00e9 de neige durant toute l\u2019ann\u00e9e. Et pourtant aux 2 Alpes, les t\u00e9l\u00e9si\u00e8ges restent ouverts m\u00eame l\u2019\u00e9t\u00e9. Avec ses 400 m\u00e8tres de d\u00e9nivel\u00e9, le glacier vous propose 11 pistes de ski\u00a0: une rouge, une verte et neuf bleues. Du c\u00f4t\u00e9 du grand Snowpark, il reste \u00e9galement accessible aux freestylers de 7h \u00e0 12h30. De quoi faire profiter les petits comme les grands.<\/p>\n<p><a href=\"https:\/\/www.terresens.com\/wp-content\/uploads\/2018\/06\/OT2A-2006-Pascal-Boulgakow-30WEB.jpg\"><img loading=\"lazy\" decoding=\"async\" class=\"aligncenter wp-image-6271 size-large\" title=\"Ski_\u00e9t\u00e9_Terr\u00e9sens\" src=\"https:\/\/www.terresens.com\/wp-content\/uploads\/2018\/06\/OT2A-2006-Pascal-Boulgakow-30WEB-700x467.jpg\" alt=\"Ski_\u00e9t\u00e9_Terr\u00e9sens\" width=\"700\" height=\"467\" srcset=\"https:\/\/www.terresens.com\/wp-content\/uploads\/2018\/06\/OT2A-2006-Pascal-Boulgakow-30WEB-700x467.jpg 700w, https:\/\/www.terresens.com\/wp-content\/uploads\/2018\/06\/OT2A-2006-Pascal-Boulgakow-30WEB-250x167.jpg 250w, https:\/\/www.terresens.com\/wp-content\/uploads\/2018\/06\/OT2A-2006-Pascal-Boulgakow-30WEB-768x512.jpg 768w, https:\/\/www.terresens.com\/wp-content\/uploads\/2018\/06\/OT2A-2006-Pascal-Boulgakow-30WEB-120x80.jpg 120w, https:\/\/www.terresens.com\/wp-content\/uploads\/2018\/06\/OT2A-2006-Pascal-Boulgakow-30WEB.jpg 1080w\" sizes=\"auto, (max-width: 700px) 100vw, 700px\" \/><\/a><\/p>\n<p style=\"text-align: justify;\"><strong>Un \u00e9t\u00e9 aux Deux Alpes <\/strong><\/p>\n<p style=\"text-align: justify;\">Passer ses vacances dans les sommets signifie \u00e9galement calme et d\u00e9tente. En explorant les paysages verts, vous pourrez de nouveau respirer un air pur. Pour les non skieurs, une multitude d\u2019activit\u00e9s s\u2019offrent \u00e0 vous. Tout comme le ski, vous pourrez emprunter les remont\u00e9es m\u00e9caniques pour descendre en VTT alpin. C\u2019est du c\u00f4t\u00e9 de la Toura \u00e0 2600 m\u00e8tres ou du village \u00e0 900 m\u00e8tres que les v\u00e9t\u00e9tistes pourront s\u2019\u00e9panouir. C\u2019est d\u2019ailleurs du 29 Juin au 1<sup>er<\/sup> Juillet 2018 qu\u2019aura lieu le Mountain of Hell. Une course en VTT qui rassemble les v\u00e9t\u00e9tistes les plus exp\u00e9riment\u00e9s\u00a0!<\/p>\n<p style=\"text-align: justify;\">Certifi\u00e9e par le Label Famille Plus, Les 2 Alpes offre \u00e9galement des espaces pour tous. Le plan d\u2019eau et de loisirs du Lac de la Buissonni\u00e8re est le lieu id\u00e9al pour se d\u00e9tendre. Le plus\u00a0? Un ensoleillement maximum toute l\u2019ann\u00e9e.<\/p>\n<p>&nbsp;<\/p>\n<h3 style=\"text-align: justify;\"><strong><span style=\"color: #000000;\">Alpe d\u2019Huez, la renomm\u00e9e<\/span> <\/strong><\/h3>\n<p><a href=\"https:\/\/www.terresens.com\/wp-content\/uploads\/2018\/06\/alpedhuez_salinoWEB.jpg\"><img loading=\"lazy\" decoding=\"async\" class=\"aligncenter wp-image-6273 size-large\" title=\"Ski_\u00e9t\u00e9_Terr\u00e9sens\" src=\"https:\/\/www.terresens.com\/wp-content\/uploads\/2018\/06\/alpedhuez_salinoWEB-700x467.jpg\" alt=\"Ski_\u00e9t\u00e9_Terr\u00e9sens\" width=\"700\" height=\"467\" srcset=\"https:\/\/www.terresens.com\/wp-content\/uploads\/2018\/06\/alpedhuez_salinoWEB-700x467.jpg 700w, https:\/\/www.terresens.com\/wp-content\/uploads\/2018\/06\/alpedhuez_salinoWEB-250x167.jpg 250w, https:\/\/www.terresens.com\/wp-content\/uploads\/2018\/06\/alpedhuez_salinoWEB-768x512.jpg 768w, https:\/\/www.terresens.com\/wp-content\/uploads\/2018\/06\/alpedhuez_salinoWEB-120x80.jpg 120w, https:\/\/www.terresens.com\/wp-content\/uploads\/2018\/06\/alpedhuez_salinoWEB.jpg 1080w\" sizes=\"auto, (max-width: 700px) 100vw, 700px\" \/><\/a><\/p>\n<p style=\"text-align: justify;\"><strong>Une reprise sous la neige<\/strong><\/p>\n<p style=\"text-align: justify;\">C\u2019est le grand retour du ski d\u2019\u00e9t\u00e9 pour la station de l\u2019Alpe d\u2019Huez. Reli\u00e9 \u00e0 5 stations de charme dont celle de Vaujany, l\u2019Alpe d\u2019Huez Grand Domaine Ski accueillera tous les skieurs. En effet, moins de 10 ans apr\u00e8s l\u2019arr\u00eat du ski d\u2019\u00e9t\u00e9, la station ouvre de nouveau ses pistes sur le glacier du Pic Blanc. Le domaine skiable doit n\u00e9anmoins surveiller l\u2019enneigement. Mais il est \u00e0 noter qu\u2019actuellement les conditions sont r\u00e9unies pour descendre les 10 km de pistes\u00a0! La piste noire la plus longue du monde, Sarenne, sera \u00e9galement ouverte pour les connaisseurs. Le mois de juillet marquera la seconde p\u00e9riode de glisse\u00a0!<\/p>\n<p><a href=\"https:\/\/www.terresens.com\/wp-content\/uploads\/2018\/06\/alpedhuez_salinoWEB2.jpg\"><img loading=\"lazy\" decoding=\"async\" class=\"aligncenter wp-image-6274 size-large\" title=\"Ski_\u00e9t\u00e9_Terr\u00e9sens\" src=\"https:\/\/www.terresens.com\/wp-content\/uploads\/2018\/06\/alpedhuez_salinoWEB2-700x467.jpg\" alt=\"Ski_\u00e9t\u00e9_Terr\u00e9sens\" width=\"700\" height=\"467\" srcset=\"https:\/\/www.terresens.com\/wp-content\/uploads\/2018\/06\/alpedhuez_salinoWEB2-700x467.jpg 700w, https:\/\/www.terresens.com\/wp-content\/uploads\/2018\/06\/alpedhuez_salinoWEB2-250x167.jpg 250w, https:\/\/www.terresens.com\/wp-content\/uploads\/2018\/06\/alpedhuez_salinoWEB2-768x512.jpg 768w, https:\/\/www.terresens.com\/wp-content\/uploads\/2018\/06\/alpedhuez_salinoWEB2-120x80.jpg 120w, https:\/\/www.terresens.com\/wp-content\/uploads\/2018\/06\/alpedhuez_salinoWEB2.jpg 1080w\" sizes=\"auto, (max-width: 700px) 100vw, 700px\" \/><\/a><\/p>\n<p style=\"text-align: justify;\"><strong>Les vacances au soleil<\/strong><\/p>\n<p style=\"text-align: justify;\">Tout comme Les 2 Alpes, l\u2019Alpe d\u2019Huez est reconnue pour son ensoleillement permanent. Au c\u0153ur du massif des Grandes Rousses, l\u2019Alpe d\u2019Huez vous offre un superbe panorama sur le Parc National des Ecrins. Concernant les activit\u00e9s, vous avez le choix\u00a0: randonn\u00e9e, trail, golf, luge d\u2019\u00e9t\u00e9, parapente\u2026 Vous pourrez satisfaire tous vos proches\u00a0!<\/p>\n<p style=\"text-align: justify;\">Vous souhaitez profiter du ski d\u2019\u00e9t\u00e9 et des activit\u00e9s \u00e0 faire en famille ? Nous vous invitons \u00e0 parcourir nos r\u00e9sidences<a href=\"https:\/\/www.terresens.com\/fr\/programmes-immobiliers\/investir-aux-2-alpes-chalet-soleil\/\"> Le Chalet du Soleil aux 2 Alpes<\/a> et <a href=\"https:\/\/www.terresens.com\/fr\/programmes-immobiliers\/investir-a-vaujany-edelweiss\/\">Les Edelweiss \u00e0 Vaujany<\/a>.<\/p>\n<p>&nbsp;<\/p>\n","protected":false},"excerpt":{"rendered":"On associe plus g\u00e9n\u00e9ralement l\u2019\u00e9t\u00e9 \u00e0 la mer et au sable fin. Toutefois, il est possible pour les nostalgiques de l\u2019hiver de passer les grandes vacances \u00e0 pratiquer les sports de glisse. Et c\u2019est bien en France que vous pourrez trouver votre bonheur\u2026 &nbsp; Les Deux Alpes et son glacier On connait les Deux Alpes\u2026","protected":false},"author":18,"featured_media":6277,"comment_status":"open","ping_status":"closed","sticky":false,"template":"","format":"standard","meta":{"footnotes":""},"categories":[56],"tags":[],"class_list":["post-6267","post","type-post","status-publish","format-standard","has-post-thumbnail","hentry","category-lifestyle"],"acf":[],"_links":{"self":[{"href":"https:\/\/www.terresens.com\/fr\/wp-json\/wp\/v2\/posts\/6267","targetHints":{"allow":["GET"]}}],"collection":[{"href":"https:\/\/www.terresens.com\/fr\/wp-json\/wp\/v2\/posts"}],"about":[{"href":"https:\/\/www.terresens.com\/fr\/wp-json\/wp\/v2\/types\/post"}],"author":[{"embeddable":true,"href":"https:\/\/www.terresens.com\/fr\/wp-json\/wp\/v2\/users\/18"}],"replies":[{"embeddable":true,"href":"https:\/\/www.terresens.com\/fr\/wp-json\/wp\/v2\/comments?post=6267"}],"version-history":[{"count":12,"href":"https:\/\/www.terresens.com\/fr\/wp-json\/wp\/v2\/posts\/6267\/revisions"}],"predecessor-version":[{"id":13114,"href":"https:\/\/www.terresens.com\/fr\/wp-json\/wp\/v2\/posts\/6267\/revisions\/13114"}],"wp:featuredmedia":[{"embeddable":true,"href":"https:\/\/www.terresens.com\/fr\/wp-json\/wp\/v2\/media\/6277"}],"wp:attachment":[{"href":"https:\/\/www.terresens.com\/fr\/wp-json\/wp\/v2\/media?parent=6267"}],"wp:term":[{"taxonomy":"category","embeddable":true,"href":"https:\/\/www.terresens.com\/fr\/wp-json\/wp\/v2\/categories?post=6267"},{"taxonomy":"post_tag","embeddable":true,"href":"https:\/\/www.terresens.com\/fr\/wp-json\/wp\/v2\/tags?post=6267"}],"curies":[{"name":"wp","href":"https:\/\/api.w.org\/{rel}","templated":true}]}}