{"id":5627,"date":"2018-03-13T09:07:44","date_gmt":"2018-03-13T08:07:44","guid":{"rendered":"https:\/\/www.terresens.com\/?p=5627"},"modified":"2019-11-27T13:54:44","modified_gmt":"2019-11-27T12:54:44","slug":"cap-sur-serre-chevalier","status":"publish","type":"post","link":"https:\/\/www.terresens.com\/fr\/cap-sur-serre-chevalier\/","title":{"rendered":"Cap sur Serre Chevalier"},"content":{"rendered":"<h3 style=\"text-align: justify;\"><span style=\"color: #2d749c;\"><strong>Nich\u00e9e au c\u0153ur des Alpes du Sud, Serre Chevalier fait partie de ces stations qui n\u2019ont jamais perdu de leur charme. D\u00e9couvrez l\u2019un des plus grands domaines skiables d\u2019Europe, ses activit\u00e9s, mais \u00e9galement le nouveau programme de Terr\u00e9sens dans ce petit coin de paradis blanc.<\/strong><\/span><\/h3>\n<p style=\"text-align: center;\"><small style=\"text-align: center;\"><a href=\"https:\/\/www.terresens.com\/wp-content\/uploads\/2018\/03\/Thibaut_Blais2.jpg\"><img loading=\"lazy\" decoding=\"async\" class=\"aligncenter wp-image-5675 size-large\" title=\"Montagne_SerreChevalier_Terr\u00e9sens\" src=\"https:\/\/www.terresens.com\/wp-content\/uploads\/2018\/03\/Thibaut_Blais2-700x391.jpg\" alt=\"Montagne_SerreChevalier_Terr\u00e9sens\" width=\"700\" height=\"391\" srcset=\"https:\/\/www.terresens.com\/wp-content\/uploads\/2018\/03\/Thibaut_Blais2-700x391.jpg 700w, https:\/\/www.terresens.com\/wp-content\/uploads\/2018\/03\/Thibaut_Blais2-250x140.jpg 250w, https:\/\/www.terresens.com\/wp-content\/uploads\/2018\/03\/Thibaut_Blais2-768x429.jpg 768w, https:\/\/www.terresens.com\/wp-content\/uploads\/2018\/03\/Thibaut_Blais2-120x67.jpg 120w, https:\/\/www.terresens.com\/wp-content\/uploads\/2018\/03\/Thibaut_Blais2.jpg 1080w\" sizes=\"auto, (max-width: 700px) 100vw, 700px\" \/><\/a><em>Photographe : Thibaut BLAIS<\/em><\/small><\/p>\n<h3 style=\"text-align: justify;\">Une station o\u00f9 la libert\u00e9 est reine<\/h3>\n<p style=\"text-align: justify;\">Au si\u00e8cle dernier, dans les Hautes-Alpes, trois villages se sont regroup\u00e9s pour offrir aux skieurs un domaine skiable d\u2019exception. Serre Chevalier est donc le fruit de l\u2019union entre Saint-Chaffrey\/Chantemerle, Villeneuve\/La Salle les Alpes, Mon\u00eatier les Bains et Brian\u00e7on. Dans les hauteurs de la Vall\u00e9e de la Guisane, d\u00e9couvrez une station unique, sportive et familiale. L\u2019embl\u00e8me de Serre Chevalier affiche d\u2019ailleurs parfaitement les notions de plaisirs en famille et de libert\u00e9. On retrouve sur le domaine un animal phare, l\u2019aigle, tout droit sortie des armoiries d\u2019une grande famille du Bez. Aujourd\u2019hui, Serre Chevalier poss\u00e8de 81 pistes sur 250 km. Des pistes pour les skieurs exp\u00e9riment\u00e9s mais aussi pour une pratique du ski plus douce. D\u2019autre part, la pr\u00e9sence du label \u00ab\u00a0Famille Plus\u00a0\u00bb conf\u00e8re aux vacanciers un accueil privil\u00e9gi\u00e9.<\/p>\n<p style=\"text-align: justify;\">Choisir Serre Chevalier, c\u2019est \u00e9galement trouver des atouts m\u00e9t\u00e9orologiques. La station est r\u00e9put\u00e9e pour ses 300 jours de soleil par an\u00a0! L\u2019atmosph\u00e8re est pure et l\u2019environnement, soigneusement pr\u00e9serv\u00e9.<\/p>\n<p><a href=\"https:\/\/www.terresens.com\/wp-content\/uploads\/2018\/03\/RAQUETTE-PROMENADE.jpg\"><img loading=\"lazy\" decoding=\"async\" class=\"aligncenter wp-image-5639 size-large\" title=\"Raquettes_Serre_Chevalier_Terr\u00e9sens\" src=\"https:\/\/www.terresens.com\/wp-content\/uploads\/2018\/03\/RAQUETTE-PROMENADE-700x469.jpg\" alt=\"Raquettes_Serre_Chevalier_Terr\u00e9sens\" width=\"700\" height=\"469\" srcset=\"https:\/\/www.terresens.com\/wp-content\/uploads\/2018\/03\/RAQUETTE-PROMENADE-700x469.jpg 700w, https:\/\/www.terresens.com\/wp-content\/uploads\/2018\/03\/RAQUETTE-PROMENADE-250x167.jpg 250w, https:\/\/www.terresens.com\/wp-content\/uploads\/2018\/03\/RAQUETTE-PROMENADE-768x514.jpg 768w, https:\/\/www.terresens.com\/wp-content\/uploads\/2018\/03\/RAQUETTE-PROMENADE-120x80.jpg 120w, https:\/\/www.terresens.com\/wp-content\/uploads\/2018\/03\/RAQUETTE-PROMENADE.jpg 847w\" sizes=\"auto, (max-width: 700px) 100vw, 700px\" \/><\/a><\/p>\n<h3 style=\"text-align: justify;\">Des activit\u00e9s pour tous<\/h3>\n<p style=\"text-align: justify;\">Au-del\u00e0 du plaisir de skier, d\u2019autres animations, \u00e9v\u00e9nements et activit\u00e9s s\u2019ajoutent \u00e0 l\u2019\u00e9nergie qui r\u00e8gne \u00e0 Serre Chevalier. La station connait une double saison touristique. L\u2019hiver, le ski est l\u2019activit\u00e9 favorite. L\u2019\u00e9t\u00e9, la randonn\u00e9e, les baignades au lac biotope de Chantemerle et les Grands Bains du Mon\u00eatier sont les activit\u00e9s pr\u00e9f\u00e9r\u00e9es des touristes\u00a0!<\/p>\n<p style=\"text-align: justify;\">Selon vos envies, vous avez le choix\u00a0:<\/p>\n<p style=\"text-align: justify;\">Pour les grands sportifs, profitez des \u00e9v\u00e9nements comme l\u2019Alpi Serre Chevalier, une course pour tous les niveaux mais \u00e9galement des parcours de marche nordique. Pour les plus jeunes, optez pour la culture\u00a0! Faites un tour du c\u00f4t\u00e9 du cin\u00e9ma ou d\u00e9couvrez le patrimoine avec les Fortifications de Vauban class\u00e9es au patrimoine mondial de l\u2019UNESCO. Et pour les plus frileux, passez un moment avec vos proches dans les espaces int\u00e9rieurs de la station avec Le Bowling des Neiges \u00e0 Saint Chaffrey ou encore au Alp\u2019Squash, un complexe de multiples activit\u00e9s vous accueille.<\/p>\n<p style=\"text-align: justify;\">\u00c0 cela s\u2019ajoute des activit\u00e9s in\u00e9dites dans la station. Envie de folies\u00a0? Partez skier en pleine nuit sous un ciel \u00e9toil\u00e9, baladez-vous \u00e0 bord d\u2019une dameuse, assistez au Troph\u00e9e Andros\u00a0! Tout est l\u00e0 pour que vous profitiez d\u2019un agr\u00e9able s\u00e9jour \u00e0 la montagne\u00a0hiver comme \u00e9t\u00e9 !<\/p>\n<p><a href=\"https:\/\/www.terresens.com\/wp-content\/uploads\/2018\/03\/PERS-EXTERIEUR-1080X720.jpg\"><img loading=\"lazy\" decoding=\"async\" class=\"aligncenter wp-image-5640 size-large\" title=\"Programme_Serre_Chevalier_Terr\u00e9sens\" src=\"https:\/\/www.terresens.com\/wp-content\/uploads\/2018\/03\/PERS-EXTERIEUR-1080X720-700x467.jpg\" alt=\"Programme_Serre_Chevalier_Terr\u00e9sens\" width=\"700\" height=\"467\" srcset=\"https:\/\/www.terresens.com\/wp-content\/uploads\/2018\/03\/PERS-EXTERIEUR-1080X720-700x467.jpg 700w, https:\/\/www.terresens.com\/wp-content\/uploads\/2018\/03\/PERS-EXTERIEUR-1080X720-250x167.jpg 250w, https:\/\/www.terresens.com\/wp-content\/uploads\/2018\/03\/PERS-EXTERIEUR-1080X720-768x512.jpg 768w, https:\/\/www.terresens.com\/wp-content\/uploads\/2018\/03\/PERS-EXTERIEUR-1080X720-120x80.jpg 120w, https:\/\/www.terresens.com\/wp-content\/uploads\/2018\/03\/PERS-EXTERIEUR-1080X720.jpg 1080w\" sizes=\"auto, (max-width: 700px) 100vw, 700px\" \/><\/a><\/p>\n<h3 style=\"text-align: justify;\">Votre prochaine r\u00e9sidence \u00e0 Serre Chevalier\u00a0: Le Cristal Lodge<\/h3>\n<p style=\"text-align: justify;\">Gr\u00e2ce au potentiel ind\u00e9niable de la station, Terr\u00e9sens a choisi cette destination pour son nouveau programme\u00a0: Le Cristal Lodge. Pour ce projet, Terr\u00e9sens restaurera et reprendra l\u2019H\u00f4tel de la Balme. Un h\u00f4tel familial appartenant \u00e0 Luc Alphand, le sportif sacr\u00e9 dix fois Champion de France en ski alpin. C\u2019est un emplacement id\u00e9al \u00e0 Saint Chaffrey \/ Chantemerle, sur lequel la copropri\u00e9t\u00e9 r\u00e9sidentielle de tourisme se tiendra aux c\u00f4t\u00e9s de l\u2019h\u00f4tel.<\/p>\n<p style=\"text-align: justify;\">Le projet du Cristal Lodge englobera donc cet h\u00f4tel de 20 chambres et 2 nouveaux b\u00e2timents seront int\u00e9gr\u00e9s au site formant la copropri\u00e9t\u00e9 r\u00e9sidentielle de tourisme (CRT) constitu\u00e9e de 44 appartements du T1 au T5. L\u2019h\u00f4tel proposera des espaces communs\u00a0: Un play-room, un \u00e9cran g\u00e9ant, un restaurant, un bar ainsi qu\u2019un espace d\u00e9tente dont une cabine de soins seront mis \u00e0 disposition. Des prestations haut de gamme pour accueillir les r\u00e9sidents\u00a0!<\/p>\n<p style=\"text-align: justify;\">Ce programme donne la possibilit\u00e9 de tout faire \u00e0 pied\u00a0! Proche du centre de la station, vous acc\u00e9derez facilement aux restaurants, loueurs de mat\u00e9riel de ski puis aux remont\u00e9es m\u00e9caniques situ\u00e9es \u00e0 350 m\u00e8tres.<\/p>\n<p style=\"text-align: justify;\">Le Cristal Lodge proposera des ext\u00e9rieurs alliant des mati\u00e8res telles que le b\u00e9ton, la pierre et le bois. Des balcons seront pr\u00e9sents pour profiter du magnifique panorama sur les montagnes. Les int\u00e9rieurs, \u00e0 la fois modernes et traditionnels, b\u00e9n\u00e9ficieront d\u2019une lumi\u00e8re naturelle et de pi\u00e8ces spacieuses. Enti\u00e8rement meubl\u00e9s et \u00e9quip\u00e9s, les appartements ne manqueront pas d\u2019esth\u00e9tisme. Le charme de la montagne et la modernit\u00e9 seront \u00e0 l\u2019honneur pour chaque espace. L\u2019occasion de s\u00e9journer dans une atmosph\u00e8re chaleureuse et contemporaine\u00a0!<\/p>\n<p style=\"text-align: justify;\">Vous \u00eates int\u00e9ress\u00e9s par Le Cristal Lodge \u00e0 Serre Chevalier ? Obtenez plus d\u2019informations en cliquant <a href=\"https:\/\/www.terresens.com\/fr\/programmes-immobiliers\/investir-a-serre-chevalier-prochainement-2\/\">ici<\/a>.<\/p>\n","protected":false},"excerpt":{"rendered":"Nich\u00e9e au c\u0153ur des Alpes du Sud, Serre Chevalier fait partie de ces stations qui n\u2019ont jamais perdu de leur charme. D\u00e9couvrez l\u2019un des plus grands domaines skiables d\u2019Europe, ses activit\u00e9s, mais \u00e9galement le nouveau programme de Terr\u00e9sens dans ce petit coin de paradis blanc. Photographe : Thibaut BLAIS Une station o\u00f9 la libert\u00e9 est\u2026","protected":false},"author":18,"featured_media":5636,"comment_status":"open","ping_status":"closed","sticky":false,"template":"","format":"standard","meta":{"footnotes":""},"categories":[54],"tags":[],"class_list":["post-5627","post","type-post","status-publish","format-standard","has-post-thumbnail","hentry","category-programmes"],"acf":[],"_links":{"self":[{"href":"https:\/\/www.terresens.com\/fr\/wp-json\/wp\/v2\/posts\/5627","targetHints":{"allow":["GET"]}}],"collection":[{"href":"https:\/\/www.terresens.com\/fr\/wp-json\/wp\/v2\/posts"}],"about":[{"href":"https:\/\/www.terresens.com\/fr\/wp-json\/wp\/v2\/types\/post"}],"author":[{"embeddable":true,"href":"https:\/\/www.terresens.com\/fr\/wp-json\/wp\/v2\/users\/18"}],"replies":[{"embeddable":true,"href":"https:\/\/www.terresens.com\/fr\/wp-json\/wp\/v2\/comments?post=5627"}],"version-history":[{"count":15,"href":"https:\/\/www.terresens.com\/fr\/wp-json\/wp\/v2\/posts\/5627\/revisions"}],"predecessor-version":[{"id":13163,"href":"https:\/\/www.terresens.com\/fr\/wp-json\/wp\/v2\/posts\/5627\/revisions\/13163"}],"wp:featuredmedia":[{"embeddable":true,"href":"https:\/\/www.terresens.com\/fr\/wp-json\/wp\/v2\/media\/5636"}],"wp:attachment":[{"href":"https:\/\/www.terresens.com\/fr\/wp-json\/wp\/v2\/media?parent=5627"}],"wp:term":[{"taxonomy":"category","embeddable":true,"href":"https:\/\/www.terresens.com\/fr\/wp-json\/wp\/v2\/categories?post=5627"},{"taxonomy":"post_tag","embeddable":true,"href":"https:\/\/www.terresens.com\/fr\/wp-json\/wp\/v2\/tags?post=5627"}],"curies":[{"name":"wp","href":"https:\/\/api.w.org\/{rel}","templated":true}]}}