{"id":5492,"date":"2018-02-22T09:38:21","date_gmt":"2018-02-22T08:38:21","guid":{"rendered":"https:\/\/www.terresens.com\/?p=5492"},"modified":"2019-11-27T13:53:25","modified_gmt":"2019-11-27T12:53:25","slug":"agenda-dhiver-2018","status":"publish","type":"post","link":"https:\/\/www.terresens.com\/fr\/agenda-dhiver-2018\/","title":{"rendered":"Agenda d&rsquo;hiver 2018"},"content":{"rendered":"<h3 style=\"text-align: justify;\"><span style=\"color: #2d749c;\"><strong>D\u00e9couvrez l&rsquo;agenda d\u2019hiver 2018 avec des \u00e9v\u00e9nements id\u00e9aux pour vos s\u00e9jours \u00e0 la montagne. Terr\u00e9sens vous propose de d\u00e9couvrir des \u00e9v\u00e9nements pour les petits et les grands. Ne manquer aucune occasion de profiter de vos stations !<\/strong><\/span><\/h3>\n<p style=\"text-align: justify;\">Chaque ann\u00e9e, l&rsquo;agenda des stations est rempli d&rsquo;occasions pour se retrouver \u00e0 la montagne. De nombreux \u00e9v\u00e9nements sont pr\u00e9sents pour rythmer vos journ\u00e9es. Et cette saison d\u2019hiver a bien commenc\u00e9 : les skieurs ont \u00e9t\u00e9 g\u00e2t\u00e9s par un climat et des pistes de qualit\u00e9 dans les Alpes. Si la satisfaction est au rendez-vous, elle l\u2019est \u00e9galement pour les nombreux \u00e9v\u00e9nements festifs, sportifs et culturels qu\u2019organisent les stations.<\/p>\n<p style=\"text-align: justify;\">Avec l\u2019agenda de cet hiver confectionn\u00e9 par Terr\u00e9sens, faites un tour d\u2019horizon des \u00e9v\u00e9nements ! R\u00e9servez vos journ\u00e9es dans les stations o\u00f9 sont commercialis\u00e9es nos r\u00e9sidences\u00a0:<\/p>\n<p>&nbsp;<\/p>\n<p><a href=\"https:\/\/www.terresens.com\/wp-content\/uploads\/2018\/02\/Infographie_AgendaWeb.jpg\" target=\"_blank\" rel=\"noopener\"><img loading=\"lazy\" decoding=\"async\" class=\"aligncenter wp-image-5505 size-large\" title=\"Terr\u00e9sens_Infographie_Agenda_Hiver\" src=\"https:\/\/www.terresens.com\/wp-content\/uploads\/2018\/02\/Infographie_AgendaWeb-700x990.jpg\" alt=\"Terr\u00e9sens_Infographie_Agenda_Hiver\" width=\"700\" height=\"990\" srcset=\"https:\/\/www.terresens.com\/wp-content\/uploads\/2018\/02\/Infographie_AgendaWeb-700x990.jpg 700w, https:\/\/www.terresens.com\/wp-content\/uploads\/2018\/02\/Infographie_AgendaWeb-250x354.jpg 250w, https:\/\/www.terresens.com\/wp-content\/uploads\/2018\/02\/Infographie_AgendaWeb-768x1086.jpg 768w, https:\/\/www.terresens.com\/wp-content\/uploads\/2018\/02\/Infographie_AgendaWeb-120x170.jpg 120w\" sizes=\"auto, (max-width: 700px) 100vw, 700px\" \/><\/a><\/p>\n","protected":false},"excerpt":{"rendered":"D\u00e9couvrez l&rsquo;agenda d\u2019hiver 2018 avec des \u00e9v\u00e9nements id\u00e9aux pour vos s\u00e9jours \u00e0 la montagne. Terr\u00e9sens vous propose de d\u00e9couvrir des \u00e9v\u00e9nements pour les petits et les grands. Ne manquer aucune occasion de profiter de vos stations ! Chaque ann\u00e9e, l&rsquo;agenda des stations est rempli d&rsquo;occasions pour se retrouver \u00e0 la montagne. De nombreux \u00e9v\u00e9nements sont\u2026","protected":false},"author":18,"featured_media":5517,"comment_status":"open","ping_status":"closed","sticky":false,"template":"","format":"standard","meta":{"footnotes":""},"categories":[56],"tags":[],"class_list":["post-5492","post","type-post","status-publish","format-standard","has-post-thumbnail","hentry","category-lifestyle"],"acf":[],"_links":{"self":[{"href":"https:\/\/www.terresens.com\/fr\/wp-json\/wp\/v2\/posts\/5492","targetHints":{"allow":["GET"]}}],"collection":[{"href":"https:\/\/www.terresens.com\/fr\/wp-json\/wp\/v2\/posts"}],"about":[{"href":"https:\/\/www.terresens.com\/fr\/wp-json\/wp\/v2\/types\/post"}],"author":[{"embeddable":true,"href":"https:\/\/www.terresens.com\/fr\/wp-json\/wp\/v2\/users\/18"}],"replies":[{"embeddable":true,"href":"https:\/\/www.terresens.com\/fr\/wp-json\/wp\/v2\/comments?post=5492"}],"version-history":[{"count":16,"href":"https:\/\/www.terresens.com\/fr\/wp-json\/wp\/v2\/posts\/5492\/revisions"}],"predecessor-version":[{"id":13158,"href":"https:\/\/www.terresens.com\/fr\/wp-json\/wp\/v2\/posts\/5492\/revisions\/13158"}],"wp:featuredmedia":[{"embeddable":true,"href":"https:\/\/www.terresens.com\/fr\/wp-json\/wp\/v2\/media\/5517"}],"wp:attachment":[{"href":"https:\/\/www.terresens.com\/fr\/wp-json\/wp\/v2\/media?parent=5492"}],"wp:term":[{"taxonomy":"category","embeddable":true,"href":"https:\/\/www.terresens.com\/fr\/wp-json\/wp\/v2\/categories?post=5492"},{"taxonomy":"post_tag","embeddable":true,"href":"https:\/\/www.terresens.com\/fr\/wp-json\/wp\/v2\/tags?post=5492"}],"curies":[{"name":"wp","href":"https:\/\/api.w.org\/{rel}","templated":true}]}}