{"id":5003,"date":"2017-12-14T09:55:17","date_gmt":"2017-12-14T08:55:17","guid":{"rendered":"https:\/\/www.terresens.com\/?p=5003"},"modified":"2019-11-27T13:42:04","modified_gmt":"2019-11-27T12:42:04","slug":"partiez-celebrer-fetes-de-fin-dannee-station","status":"publish","type":"post","link":"https:\/\/www.terresens.com\/fr\/partiez-celebrer-fetes-de-fin-dannee-station\/","title":{"rendered":"Et si vous partiez c\u00e9l\u00e9brer les f\u00eates de fin d\u2019ann\u00e9e en station ?"},"content":{"rendered":"<h3 style=\"text-align: justify;\"><span style=\"color: #2d749c;\"><strong>Les f\u00eates approchent \u00e0 grands pas, et quelques-uns d\u2019entre vous n\u2019ont toujours pas trouv\u00e9 leur destination pour No\u00ebl ou la Saint-Sylvestre. Terr\u00e9sens vous propose de voyager dans des univers nordiques, f\u00e9eriques et qui marqueront assur\u00e9ment le coup pour la fin d\u2019ann\u00e9e 2017\u00a0!<\/strong><\/span><\/h3>\n<p style=\"text-align: justify;\"><a href=\"https:\/\/www.terresens.com\/wp-content\/uploads\/2017\/12\/FAMILLE-HIVER1.jpg\"><img loading=\"lazy\" decoding=\"async\" width=\"700\" height=\"566\" class=\"aligncenter size-large wp-image-5010\" src=\"https:\/\/www.terresens.com\/wp-content\/uploads\/2017\/12\/FAMILLE-HIVER1-700x566.jpg\" alt=\"\" srcset=\"https:\/\/www.terresens.com\/wp-content\/uploads\/2017\/12\/FAMILLE-HIVER1-700x566.jpg 700w, https:\/\/www.terresens.com\/wp-content\/uploads\/2017\/12\/FAMILLE-HIVER1-250x202.jpg 250w, https:\/\/www.terresens.com\/wp-content\/uploads\/2017\/12\/FAMILLE-HIVER1-768x621.jpg 768w, https:\/\/www.terresens.com\/wp-content\/uploads\/2017\/12\/FAMILLE-HIVER1-120x97.jpg 120w, https:\/\/www.terresens.com\/wp-content\/uploads\/2017\/12\/FAMILLE-HIVER1.jpg 1533w\" sizes=\"auto, (max-width: 700px) 100vw, 700px\" \/><\/a><\/p>\n<h3 style=\"text-align: justify;\"><span style=\"color: #2d749c;\"><strong>Un No\u00ebl au d\u00e9cor f\u00e9erique <\/strong><\/span><\/h3>\n<p style=\"text-align: justify;\">Une ann\u00e9e de plus o\u00f9 les stations de ski misent sur un No\u00ebl o\u00f9 tout est pens\u00e9 pour vous faire retomber en enfance et vous d\u00e9tendre avec des animations dont la majeure partie sont gratuites. Pour la station de La Rosi\u00e8re, du 23 au 26 d\u00e9cembre, magie et activit\u00e9s enchanteront tous vos proches\u00a0avec son village scintillant, sa for\u00eat de No\u00ebl, sa chorale\u2026 et beaucoup d\u2019autres surprises\u00a0! Samo\u00ebns transformera sa grande place en v\u00e9ritable March\u00e9 de No\u00ebl et pr\u00e9parera la rencontre dont tous les enfants r\u00eavent avant que le P\u00e8re No\u00ebl ne parte effectuer son tour du monde. Une autre station vous organise un programme bien rempli\u00a0: les 2 Alpes vous concocte du 23 au 31 d\u00e9cembre des festivit\u00e9s exceptionnelles\u00a0: pyrotechnie, d\u00e9ambulation des Elfes des neiges, sculpture sur la glace\u2026 Un floril\u00e8ge d\u2019activit\u00e9s vous est offert\u00a0! Et puis, quoi de mieux que de festoyer dans des espaces identiques au pays du P\u00e8re No\u00ebl\u00a0?<\/p>\n<p style=\"text-align: justify;\">Toutefois, si effectuer une descente sur les pistes vous tient \u00e0 c\u0153ur avant le 25, les domaines skiables auront tous d\u00e9j\u00e0 enclench\u00e9 leurs remont\u00e9es m\u00e9caniques\u00a0!<\/p>\n<p style=\"text-align: justify;\"><a href=\"https:\/\/www.terresens.com\/wp-content\/uploads\/2017\/12\/fireworks-2592732_1920.jpg\"><img loading=\"lazy\" decoding=\"async\" width=\"700\" height=\"467\" class=\"aligncenter size-large wp-image-5011\" src=\"https:\/\/www.terresens.com\/wp-content\/uploads\/2017\/12\/fireworks-2592732_1920-700x467.jpg\" alt=\"\" srcset=\"https:\/\/www.terresens.com\/wp-content\/uploads\/2017\/12\/fireworks-2592732_1920-700x467.jpg 700w, https:\/\/www.terresens.com\/wp-content\/uploads\/2017\/12\/fireworks-2592732_1920-250x167.jpg 250w, https:\/\/www.terresens.com\/wp-content\/uploads\/2017\/12\/fireworks-2592732_1920-768x512.jpg 768w, https:\/\/www.terresens.com\/wp-content\/uploads\/2017\/12\/fireworks-2592732_1920-120x80.jpg 120w, https:\/\/www.terresens.com\/wp-content\/uploads\/2017\/12\/fireworks-2592732_1920.jpg 1920w\" sizes=\"auto, (max-width: 700px) 100vw, 700px\" \/><\/a><\/p>\n<h3 style=\"text-align: justify;\"><span style=\"color: #2d749c;\"><strong>Un Nouvel An inoubliable<\/strong><\/span><\/h3>\n<p style=\"text-align: justify;\">Apr\u00e8s No\u00ebl, rien de tel que de donner rendez-vous \u00e0 ses amis ou sa famille pour le jour de l\u2019an. Et c\u2019est bien souvent le lieu qui pose question. La montagne est surement le meilleur moyen pour marquer le d\u00e9but d\u2019une nouvelle ann\u00e9e. Dans l\u2019une de nos stations s\u00e9lectionn\u00e9es, vous avez \u00e0 coup s\u00fbr, la possibilit\u00e9 de partager avec vos proches une soir\u00e9e m\u00e9morable. Pour les grandes familles, \u00e9chappez-vous dans les stations de la Plagne avec sa \u00ab\u00a0Nuit du Pompom Rouge\u00a0\u00bb et les M\u00e9nuires. Les deux stations vous proposent des animations, une descente aux flambeaux de l\u2019ESF et un feu d\u2019artifice incroyable. Pour un nouvel an sur un registre davantage musical, on vous dirige vers une soir\u00e9e pop-rock sur le front de neige de Tignes le Lac pour vibrer au son de la plus haute piste de danse en plein air d\u2019Europe\u00a0! Un bon plan pour ceux et celles qui souhaitent se d\u00e9hancher et dans le m\u00eame temps appr\u00e9cier le ciel \u00e9toil\u00e9 de la montagne\u2026<\/p>\n<p><iframe loading=\"lazy\" width=\"900\" height=\"506\" src=\"https:\/\/www.youtube.com\/embed\/TLqAxsSKUV4?feature=oembed\" frameborder=\"0\" allow=\"accelerometer; autoplay; encrypted-media; gyroscope; picture-in-picture\" allowfullscreen><\/iframe><\/p>\n<p style=\"text-align: justify;\">Terr\u00e9sens vous souhaite de passer de joyeuses f\u00eates\u00a0!<\/p>\n","protected":false},"excerpt":{"rendered":"Les f\u00eates approchent \u00e0 grands pas, et quelques-uns d\u2019entre vous n\u2019ont toujours pas trouv\u00e9 leur destination pour No\u00ebl ou la Saint-Sylvestre. Terr\u00e9sens vous propose de voyager dans des univers nordiques, f\u00e9eriques et qui marqueront assur\u00e9ment le coup pour la fin d\u2019ann\u00e9e 2017\u00a0! Un No\u00ebl au d\u00e9cor f\u00e9erique Une ann\u00e9e de plus o\u00f9 les stations de\u2026","protected":false},"author":18,"featured_media":5012,"comment_status":"open","ping_status":"closed","sticky":false,"template":"","format":"standard","meta":{"footnotes":""},"categories":[56],"tags":[],"class_list":["post-5003","post","type-post","status-publish","format-standard","has-post-thumbnail","hentry","category-lifestyle"],"acf":[],"_links":{"self":[{"href":"https:\/\/www.terresens.com\/fr\/wp-json\/wp\/v2\/posts\/5003","targetHints":{"allow":["GET"]}}],"collection":[{"href":"https:\/\/www.terresens.com\/fr\/wp-json\/wp\/v2\/posts"}],"about":[{"href":"https:\/\/www.terresens.com\/fr\/wp-json\/wp\/v2\/types\/post"}],"author":[{"embeddable":true,"href":"https:\/\/www.terresens.com\/fr\/wp-json\/wp\/v2\/users\/18"}],"replies":[{"embeddable":true,"href":"https:\/\/www.terresens.com\/fr\/wp-json\/wp\/v2\/comments?post=5003"}],"version-history":[{"count":5,"href":"https:\/\/www.terresens.com\/fr\/wp-json\/wp\/v2\/posts\/5003\/revisions"}],"predecessor-version":[{"id":13149,"href":"https:\/\/www.terresens.com\/fr\/wp-json\/wp\/v2\/posts\/5003\/revisions\/13149"}],"wp:featuredmedia":[{"embeddable":true,"href":"https:\/\/www.terresens.com\/fr\/wp-json\/wp\/v2\/media\/5012"}],"wp:attachment":[{"href":"https:\/\/www.terresens.com\/fr\/wp-json\/wp\/v2\/media?parent=5003"}],"wp:term":[{"taxonomy":"category","embeddable":true,"href":"https:\/\/www.terresens.com\/fr\/wp-json\/wp\/v2\/categories?post=5003"},{"taxonomy":"post_tag","embeddable":true,"href":"https:\/\/www.terresens.com\/fr\/wp-json\/wp\/v2\/tags?post=5003"}],"curies":[{"name":"wp","href":"https:\/\/api.w.org\/{rel}","templated":true}]}}