{"id":4234,"date":"2017-06-21T17:27:17","date_gmt":"2017-06-21T16:27:17","guid":{"rendered":"http:\/\/www.terresens.com\/?p=4234\/"},"modified":"2017-06-21T17:27:56","modified_gmt":"2017-06-21T16:27:56","slug":"j-15-lancement-commercial","status":"publish","type":"post","link":"https:\/\/www.terresens.com\/fr\/j-15-lancement-commercial\/","title":{"rendered":"J-15 avant lancement commercial"},"content":{"rendered":"<h2 style=\"text-align: justify;\">J-15 avant lancement commercial<\/h2>\n<h3 style=\"text-align: justify;\"><strong><span style=\"color: #b2e21e;\">Direction le Portugal \u00e0 Comporta- Carvalhal<\/span><\/strong><\/h3>\n<p style=\"text-align: justify;\">Le groupe Terr\u00e9sens lance <b>le 3 juillet son premier programme \u00e0 l&rsquo;international <\/b>; destination le <b>Portugal<\/b>, sur la terre sauvage de <b>Comporta<\/b>, \u00e0 1 heure de Lisbonne !<\/p>\n<h3 style=\"text-align: justify;\"><span style=\"color: #b2e21e;\"><b>Direction le Portugal<\/b><\/span><\/h3>\n<p style=\"text-align: justify;\">Avec plus de 6 millions de touristes chaque ann\u00e9e, un climat doux et ensoleill\u00e9, le Portugal est devenu une destination incontournable. De nombreux retrait\u00e9s affluent chaque ann\u00e9e gr\u00e2ce \u00e0 une fiscalit\u00e9 avantageuse. Bien desservi, l&rsquo;a\u00e9roport de Lisbonne est devenu la porte d&rsquo;entr\u00e9e internationale avec 92 vols r\u00e9guliers (dont 61 en provenance de l&rsquo;Europe).<\/p>\n<p style=\"text-align: justify;\"><a href=\"http:\/\/www.terresens.com\/wp-content\/uploads\/2017\/06\/BD-LISBONNE.jpg\"><img loading=\"lazy\" decoding=\"async\" class=\"aligncenter wp-image-4238 size-large\" src=\"http:\/\/www.terresens.com\/wp-content\/uploads\/2017\/06\/BD-LISBONNE-700x465.jpg\" alt=\"\" width=\"700\" height=\"465\" srcset=\"https:\/\/www.terresens.com\/wp-content\/uploads\/2017\/06\/BD-LISBONNE-700x465.jpg 700w, https:\/\/www.terresens.com\/wp-content\/uploads\/2017\/06\/BD-LISBONNE-250x166.jpg 250w, https:\/\/www.terresens.com\/wp-content\/uploads\/2017\/06\/BD-LISBONNE-768x510.jpg 768w, https:\/\/www.terresens.com\/wp-content\/uploads\/2017\/06\/BD-LISBONNE-120x80.jpg 120w, https:\/\/www.terresens.com\/wp-content\/uploads\/2017\/06\/BD-LISBONNE.jpg 1500w\" sizes=\"auto, (max-width: 700px) 100vw, 700px\" \/><\/a><\/p>\n<h3 style=\"text-align: justify;\"><span style=\"color: #b2e21e;\"><b>Ambiance sauvage et raffin\u00e9e \u00e0 Comporta<\/b><\/span><\/h3>\n<p style=\"text-align: justify;\">Lieu pris\u00e9, gr\u00e2ce \u00e0 un emplacement id\u00e9al proche de la Capitale et au coeur d&rsquo;une R\u00e9serve Naturelle, le village de Comporta a su conserver son charme et son authenticit\u00e9. Plages quasi-sauvages, dunes naturelles, et activit\u00e9s en lien avec la nature, Comporta est la destination r\u00eav\u00e9e pour se ressourcer&#8230; D\u00e9paysement garanti.<\/p>\n<p style=\"text-align: justify;\"><a href=\"http:\/\/www.terresens.com\/wp-content\/uploads\/2017\/06\/marta-bd-2.jpg\"><img loading=\"lazy\" decoding=\"async\" width=\"700\" height=\"467\" class=\"aligncenter size-large wp-image-4242\" src=\"http:\/\/www.terresens.com\/wp-content\/uploads\/2017\/06\/marta-bd-2-700x467.jpg\" alt=\"\" srcset=\"https:\/\/www.terresens.com\/wp-content\/uploads\/2017\/06\/marta-bd-2-700x467.jpg 700w, https:\/\/www.terresens.com\/wp-content\/uploads\/2017\/06\/marta-bd-2-250x167.jpg 250w, https:\/\/www.terresens.com\/wp-content\/uploads\/2017\/06\/marta-bd-2-768x512.jpg 768w, https:\/\/www.terresens.com\/wp-content\/uploads\/2017\/06\/marta-bd-2-120x80.jpg 120w, https:\/\/www.terresens.com\/wp-content\/uploads\/2017\/06\/marta-bd-2.jpg 1500w\" sizes=\"auto, (max-width: 700px) 100vw, 700px\" \/><\/a><\/p>\n<h3 style=\"text-align: justify;\"><\/h3>\n<h3 style=\"text-align: justify;\"><span style=\"color: #b2e21e;\"><b>Un resort naturel et haut de gamme<\/b><\/span><\/h3>\n<p style=\"text-align: justify;\">\u00c0 proximit\u00e9 de la plage de Comporta et du village de Carvalhal, le resort \u00ab\u00a0La R\u00e9serve\u00a0\u00bb proposera \u00e0 ses r\u00e9sidents de nombreux services et activit\u00e9s ; restaurant-bar, sup\u00e9rette, piscine, spa, terrains de sport, locations de v\u00e9los \u00e9lectriques, navettes vers la plage &#8230; Un lieu de vill\u00e9giature id\u00e9al pour des vacances paisibles et sereines.<\/p>\n<h3 style=\"text-align: justify;\"><a href=\"http:\/\/www.terresens.com\/wp-content\/uploads\/2017\/06\/logo-site-bd.jpg\"><img loading=\"lazy\" decoding=\"async\" class=\"aligncenter wp-image-4241 size-medium\" src=\"http:\/\/www.terresens.com\/wp-content\/uploads\/2017\/06\/logo-site-bd-250x167.jpg\" alt=\"\" width=\"250\" height=\"167\" srcset=\"https:\/\/www.terresens.com\/wp-content\/uploads\/2017\/06\/logo-site-bd-250x167.jpg 250w, https:\/\/www.terresens.com\/wp-content\/uploads\/2017\/06\/logo-site-bd-768x512.jpg 768w, https:\/\/www.terresens.com\/wp-content\/uploads\/2017\/06\/logo-site-bd-700x467.jpg 700w, https:\/\/www.terresens.com\/wp-content\/uploads\/2017\/06\/logo-site-bd-120x80.jpg 120w, https:\/\/www.terresens.com\/wp-content\/uploads\/2017\/06\/logo-site-bd.jpg 1500w\" sizes=\"auto, (max-width: 250px) 100vw, 250px\" \/><\/a><\/h3>\n<h3 style=\"text-align: justify;\"><span style=\"color: #b2e21e;\">Le groupe Terr\u00e9sens proposera 3 types de biens dans ce resort :<\/span><\/h3>\n<p style=\"text-align: justify;\">&#8211; Une <b>r\u00e9sidence h\u00f4teli\u00e8re compos\u00e9e de \u00ab\u00a0T3 h\u00f4telier\u00a0\u00bb <\/b><br \/>\n&#8211; Un <b>village de p\u00eacheurs avec des maisons de type T3, T4 et T5 <\/b>(de 85m2 \u00e0 150 m2).\u00a0Ces maisons disposeront chacune de bassin et de terrain.<br \/>\n&#8211; <b>Des villas de prestige<\/b> de type\u00a0<b>T4 <\/b>et\u00a0<b>T5<\/b> (de 180 \u00e0 250 m2) avec une grande piscine, un brasero et un grand terrain. Deux gammes seront propos\u00e9es aux futurs propri\u00e9taires : d\u00e9coration authentique ou contemporaine.<\/p>\n<p style=\"text-align: justify;\">La livraison est pr\u00e9vue pour le 4\u00e8me trimestre 2019.\u00a0Le groupe Terr\u00e9sens sera promoteur de cette op\u00e9ration, la gestion sera assur\u00e9e par My Second Home (Terr\u00e9sens Vacances) et proposera aux propri\u00e9taires un <b>service de conciergerie<\/b>.<\/p>\n<p style=\"text-align: justify;\">Restez connect\u00e9s ! \ud83d\ude09<\/p>\n<p style=\"text-align: justify;\">Vous souhaitez obtenir plus d&rsquo;informations ?<br \/>\nContactez-nous d\u00e8s maintenant au 0 800 880 880 ou par mail contact@terresens.com<\/p>\n<p><small style=\"text-align: justify;\">Photos pixabay, d\u00e9coration Marta Mantero<\/small><\/p>\n","protected":false},"excerpt":{"rendered":"J-15 avant lancement commercial Direction le Portugal \u00e0 Comporta- Carvalhal Le groupe Terr\u00e9sens lance le 3 juillet son premier programme \u00e0 l&rsquo;international ; destination le Portugal, sur la terre sauvage de Comporta, \u00e0 1 heure de Lisbonne ! Direction le Portugal Avec plus de 6 millions de touristes chaque ann\u00e9e, un climat doux et ensoleill\u00e9,\u2026","protected":false},"author":18,"featured_media":4230,"comment_status":"open","ping_status":"closed","sticky":false,"template":"","format":"standard","meta":{"footnotes":""},"categories":[19,54],"tags":[],"class_list":["post-4234","post","type-post","status-publish","format-standard","has-post-thumbnail","hentry","category-le-groupe","category-programmes"],"acf":[],"_links":{"self":[{"href":"https:\/\/www.terresens.com\/fr\/wp-json\/wp\/v2\/posts\/4234","targetHints":{"allow":["GET"]}}],"collection":[{"href":"https:\/\/www.terresens.com\/fr\/wp-json\/wp\/v2\/posts"}],"about":[{"href":"https:\/\/www.terresens.com\/fr\/wp-json\/wp\/v2\/types\/post"}],"author":[{"embeddable":true,"href":"https:\/\/www.terresens.com\/fr\/wp-json\/wp\/v2\/users\/18"}],"replies":[{"embeddable":true,"href":"https:\/\/www.terresens.com\/fr\/wp-json\/wp\/v2\/comments?post=4234"}],"version-history":[{"count":4,"href":"https:\/\/www.terresens.com\/fr\/wp-json\/wp\/v2\/posts\/4234\/revisions"}],"predecessor-version":[{"id":4246,"href":"https:\/\/www.terresens.com\/fr\/wp-json\/wp\/v2\/posts\/4234\/revisions\/4246"}],"wp:featuredmedia":[{"embeddable":true,"href":"https:\/\/www.terresens.com\/fr\/wp-json\/wp\/v2\/media\/4230"}],"wp:attachment":[{"href":"https:\/\/www.terresens.com\/fr\/wp-json\/wp\/v2\/media?parent=4234"}],"wp:term":[{"taxonomy":"category","embeddable":true,"href":"https:\/\/www.terresens.com\/fr\/wp-json\/wp\/v2\/categories?post=4234"},{"taxonomy":"post_tag","embeddable":true,"href":"https:\/\/www.terresens.com\/fr\/wp-json\/wp\/v2\/tags?post=4234"}],"curies":[{"name":"wp","href":"https:\/\/api.w.org\/{rel}","templated":true}]}}