{"id":4166,"date":"2017-05-23T09:40:47","date_gmt":"2017-05-23T08:40:47","guid":{"rendered":"http:\/\/www.terresens.com\/?p=4166\/"},"modified":"2017-05-23T09:40:47","modified_gmt":"2017-05-23T08:40:47","slug":"communique","status":"publish","type":"post","link":"https:\/\/www.terresens.com\/fr\/communique\/","title":{"rendered":"Communiqu\u00e9 de Presse : Troph\u00e9es Terr\u00e9sens \/ FFS 2017"},"content":{"rendered":"<h2 style=\"text-align: center;\"><span style=\"color: #b2e21e;\">Troph\u00e9es Terr\u00e9sens &#8211; FFS 2017\u00a0<\/span><\/h2>\n<h3 style=\"text-align: center;\">Le groupe Terr\u00e9sens renforce son engagement aupr\u00e8s de la F\u00e9d\u00e9ration Fran\u00e7aise de Ski<\/h3>\n<p style=\"text-align: justify;\">Partenaire depuis 2014 de la F\u00e9d\u00e9ration Fran\u00e7aise de Ski, Terr\u00e9sens apporte son soutien au <strong>Programme National Jeunes<\/strong> (PNJ) en participant \u00e0 la formation sportive de jeunes athl\u00e8tes.<\/p>\n<p style=\"text-align: justify;\">Ce programme permet aux <strong>meilleurs skieurs de moins de 16 ans<\/strong> issus de tout le territoire, d\u2019\u00eatre regroup\u00e9s sous la responsabilit\u00e9 de la FFS en pr\u00e9sence de cadres nationaux pour suivre des <strong>camps d\u2019entra\u00eenement<\/strong> sur neige constitu\u00e9s chacun de 30 skieurs. Il propose 40 journ\u00e9es d\u2019entra\u00eenement r\u00e9parties sur l\u2019automne et l\u2019hiver. Chaque ann\u00e9e, Terr\u00e9sens alloue \u00e0 ces PNJ\u00a0 une somme de 40\u00a0000\u20ac, leur permettant, entre autres, de financer la saison de ski et les camps d\u2019entrainement.<\/p>\n<p style=\"text-align: justify;\">C\u2019est une v\u00e9ritable porte d\u2019entr\u00e9e vers les collectifs nationaux pour ces jeunes aux performances sportives exceptionnelles.<\/p>\n<p style=\"text-align: justify;\">\n<p style=\"text-align: justify;\"><a href=\"http:\/\/www.terresens.com\/wp-content\/uploads\/2017\/01\/photo2015-4.jpg\"><img loading=\"lazy\" decoding=\"async\" width=\"700\" height=\"350\" class=\"aligncenter size-large wp-image-2966\" src=\"http:\/\/www.terresens.com\/wp-content\/uploads\/2017\/01\/photo2015-4-700x350.jpg\" alt=\"\" srcset=\"https:\/\/www.terresens.com\/wp-content\/uploads\/2017\/01\/photo2015-4-700x350.jpg 700w, https:\/\/www.terresens.com\/wp-content\/uploads\/2017\/01\/photo2015-4-250x125.jpg 250w, https:\/\/www.terresens.com\/wp-content\/uploads\/2017\/01\/photo2015-4-768x384.jpg 768w, https:\/\/www.terresens.com\/wp-content\/uploads\/2017\/01\/photo2015-4-120x60.jpg 120w, https:\/\/www.terresens.com\/wp-content\/uploads\/2017\/01\/photo2015-4.jpg 800w\" sizes=\"auto, (max-width: 700px) 100vw, 700px\" \/><\/a><\/p>\n<p style=\"text-align: justify;\">Dans le cadre de ce partenariat Terr\u00e9sens &#8211; F\u00e9d\u00e9ration Fran\u00e7aise de Ski, une somme de 9\u00a0000\u20ac a \u00e9t\u00e9 allou\u00e9e par le Groupe, en plus des 40\u00a0000\u20ac annuels, \u00a0pour la mise en place des <strong>Troph\u00e9es Terr\u00e9sens<\/strong>. \u00a0Cette somme r\u00e9compensera chaque ann\u00e9e 3 athl\u00e8tes filles et 3 athl\u00e8tes gar\u00e7ons de la cat\u00e9gorie -18 ans en ski alpin, en fonction de leurs r\u00e9sultats sportifs, de leur engagement, de leur motivation et de tout autre crit\u00e8re pouvant \u00eatre pris en consid\u00e9ration par le jury.<\/p>\n<p style=\"text-align: justify;\">R\u00e9unis fin avril au si\u00e8ge de la FFS, 3 membres FFS, 3 membres Terr\u00e9sens et 3 anciens champions ont d\u00e9fini le nom des <strong>6 athl\u00e8tes <\/strong><strong>de l\u2019\u00e9dition 2017<\/strong>.<\/p>\n<p style=\"text-align: justify;\"><a href=\"http:\/\/www.terresens.com\/wp-content\/uploads\/2017\/01\/D\u00e9fi-Terr\u00e9sens-A-la-Une.jpg\"><img loading=\"lazy\" decoding=\"async\" width=\"700\" height=\"467\" class=\"aligncenter size-large wp-image-3225\" src=\"http:\/\/www.terresens.com\/wp-content\/uploads\/2017\/01\/D\u00e9fi-Terr\u00e9sens-A-la-Une-700x467.jpg\" alt=\"PNJT d\u00e9fi 2017\" srcset=\"https:\/\/www.terresens.com\/wp-content\/uploads\/2017\/01\/D\u00e9fi-Terr\u00e9sens-A-la-Une-700x467.jpg 700w, https:\/\/www.terresens.com\/wp-content\/uploads\/2017\/01\/D\u00e9fi-Terr\u00e9sens-A-la-Une-250x167.jpg 250w, https:\/\/www.terresens.com\/wp-content\/uploads\/2017\/01\/D\u00e9fi-Terr\u00e9sens-A-la-Une-768x512.jpg 768w, https:\/\/www.terresens.com\/wp-content\/uploads\/2017\/01\/D\u00e9fi-Terr\u00e9sens-A-la-Une-120x80.jpg 120w, https:\/\/www.terresens.com\/wp-content\/uploads\/2017\/01\/D\u00e9fi-Terr\u00e9sens-A-la-Une.jpg 1500w\" sizes=\"auto, (max-width: 700px) 100vw, 700px\" \/><\/a><\/p>\n<p style=\"text-align: justify;\">Les laur\u00e9ats recevront leur prix et un ch\u00e8que de 1 500\u20ac lors du <strong>d\u00e9fi Terr\u00e9sens<\/strong> (\u00e9v\u00e8nement organis\u00e9 chaque ann\u00e9e par Terr\u00e9sens pour r\u00e9compenser les jeunes talents sportifs avec notamment une rencontre ludique avec des champions de ski). Ce d\u00e9fi aura lieu le <strong>10 juin 2017 \u00e0 Aix-les-Bains<\/strong>.<\/p>\n","protected":false},"excerpt":{"rendered":"Troph\u00e9es Terr\u00e9sens &#8211; FFS 2017\u00a0 Le groupe Terr\u00e9sens renforce son engagement aupr\u00e8s de la F\u00e9d\u00e9ration Fran\u00e7aise de Ski Partenaire depuis 2014 de la F\u00e9d\u00e9ration Fran\u00e7aise de Ski, Terr\u00e9sens apporte son soutien au Programme National Jeunes (PNJ) en participant \u00e0 la formation sportive de jeunes athl\u00e8tes. Ce programme permet aux meilleurs skieurs de moins de 16\u2026","protected":false},"author":18,"featured_media":3233,"comment_status":"open","ping_status":"closed","sticky":false,"template":"","format":"standard","meta":{"footnotes":""},"categories":[38,19],"tags":[],"class_list":["post-4166","post","type-post","status-publish","format-standard","has-post-thumbnail","hentry","category-defi-terresens","category-le-groupe"],"acf":[],"_links":{"self":[{"href":"https:\/\/www.terresens.com\/fr\/wp-json\/wp\/v2\/posts\/4166","targetHints":{"allow":["GET"]}}],"collection":[{"href":"https:\/\/www.terresens.com\/fr\/wp-json\/wp\/v2\/posts"}],"about":[{"href":"https:\/\/www.terresens.com\/fr\/wp-json\/wp\/v2\/types\/post"}],"author":[{"embeddable":true,"href":"https:\/\/www.terresens.com\/fr\/wp-json\/wp\/v2\/users\/18"}],"replies":[{"embeddable":true,"href":"https:\/\/www.terresens.com\/fr\/wp-json\/wp\/v2\/comments?post=4166"}],"version-history":[{"count":1,"href":"https:\/\/www.terresens.com\/fr\/wp-json\/wp\/v2\/posts\/4166\/revisions"}],"predecessor-version":[{"id":4167,"href":"https:\/\/www.terresens.com\/fr\/wp-json\/wp\/v2\/posts\/4166\/revisions\/4167"}],"wp:featuredmedia":[{"embeddable":true,"href":"https:\/\/www.terresens.com\/fr\/wp-json\/wp\/v2\/media\/3233"}],"wp:attachment":[{"href":"https:\/\/www.terresens.com\/fr\/wp-json\/wp\/v2\/media?parent=4166"}],"wp:term":[{"taxonomy":"category","embeddable":true,"href":"https:\/\/www.terresens.com\/fr\/wp-json\/wp\/v2\/categories?post=4166"},{"taxonomy":"post_tag","embeddable":true,"href":"https:\/\/www.terresens.com\/fr\/wp-json\/wp\/v2\/tags?post=4166"}],"curies":[{"name":"wp","href":"https:\/\/api.w.org\/{rel}","templated":true}]}}