{"id":3489,"date":"2017-02-23T14:11:16","date_gmt":"2017-02-23T13:11:16","guid":{"rendered":"http:\/\/www.terresens.com\/?p=3489\/"},"modified":"2017-03-13T11:39:42","modified_gmt":"2017-03-13T10:39:42","slug":"copropriete-residentielle-tourisme-video","status":"publish","type":"post","link":"https:\/\/www.terresens.com\/fr\/copropriete-residentielle-tourisme-video\/","title":{"rendered":"La Copropri\u00e9t\u00e9 R\u00e9sidentielle de Tourisme (CRT) a enfin sa vid\u00e9o !"},"content":{"rendered":"<h3 style=\"text-align: justify;\"><span style=\"color: #b2e21e;\">Le concept de Copropri\u00e9t\u00e9 R\u00e9sidentielle de Tourisme cr\u00e9\u00e9 et d\u00e9pos\u00e9 par Terr\u00e9sens fait l\u2019objet d\u2019une vid\u00e9o dr\u00f4le et d\u00e9cal\u00e9e.<\/span><br \/>\n<span style=\"color: #b2e21e;\"> Si vous nous suivez sur les r\u00e9seaux sociaux vous l\u2019attendez depuis une semaine\u00a0: aujourd\u2019hui nous vous la d\u00e9voilons enfin\u00a0!<\/span><\/h3>\n<p style=\"text-align: justify;\"><span style=\"color: #444444;\">Pas facile de mettre en image un concept aussi pr\u00e9cis que celui de la CRT\u2026 Et pourtant, gr\u00e2ce \u00e0 la participation d\u2019Enak Gavaggio et de S\u00e9bastien Amiez, nos deux ambassadeurs et champions de ski pluri-m\u00e9daill\u00e9s, \u00e0 Gilles Turbel (Responsable p\u00f4le promotion chez Terr\u00e9sens) et Muriel Noury (Responsable p\u00f4le gestion chez Terr\u00e9sens) nous sommes fiers de vous d\u00e9voiler cette\u00a0vid\u00e9o pr\u00e9sentant notre concept et ses avantages\u00a0!<\/span><\/p>\n<p style=\"text-align: justify;\"><span style=\"color: #444444;\">C\u2019est donc avec l\u00e9g\u00e8ret\u00e9 et humour qu\u2019a \u00e9t\u00e9 mis en sc\u00e8ne ce nouveau concept de r\u00e9sidence secondaire adress\u00e9 \u00e0 des propri\u00e9taires souhaitant profiter pleinement de leur r\u00e9sidence secondaire tout en la rentabilisant par une mise en location, mais sans les contraintes de la gestion en r\u00e9sidence de tourisme.<\/span><\/p>\n<p style=\"text-align: justify;\"><span style=\"color: #444444;\">Mettant en sc\u00e8ne un couple de propri\u00e9taires en vacances dans leur r\u00e9sidence secondaire \u00e0 la montagne, et leur concierge, la vid\u00e9o valorise les services de conciergerie li\u00e9s \u00e0 la CRT. <\/span><br \/>\n<span style=\"color: #444444;\"> Le concierge s\u2019occupe ainsi de tout\u00a0: r\u00e9server les forfaits de ski, garder leur enfant, cuisiner\u2026 <\/span><\/p>\n<p style=\"text-align: justify;\"><span style=\"color: #444444;\">Mais la vid\u00e9o rappelle \u00e9galement les avantages associ\u00e9s\u00a0\u00e0 ce concept\u00a0:<\/span><\/p>\n<ul style=\"text-align: justify;\">\n<li><span style=\"color: #444444;\">&#8211; Le plaisir d&rsquo;\u00eatre propri\u00e9taire d&rsquo;une\u00a0r\u00e9sidence secondaire haut de gamme.\u00a0<\/span><\/li>\n<li><span style=\"color: #444444;\">&#8211; La libert\u00e9 d&rsquo;y s\u00e9journer \u00e0 sa convenance.<\/span><\/li>\n<li><span style=\"color: #444444;\">&#8211; La possibilit\u00e9 de la\u00a0rentabiliser\u00a0(mise en location ponctuelle et\u00a0r\u00e9cup\u00e9ration de la TVA\u00a0sur l&rsquo;achat)<\/span><\/li>\n<li><span style=\"color: #444444;\">&#8211; La tranquillit\u00e9\u00a0de b\u00e9n\u00e9ficier d&rsquo;un\u00a0service de conciergerie\u00a0et de gestion d\u00e9di\u00e9e.<\/span><\/li>\n<\/ul>\n<p style=\"text-align: justify;\"><span style=\"color: #444444;\">Pour en savoir plus sur le concept, rendez-vous sur notre <a href=\"https:\/\/www.terresens.com\/fr\/?page_id=1183\">page fiscalit\u00e9 d\u00e9di\u00e9e \u00e0 la CRT<\/a>\u00a0!<\/span><\/p>\n<p style=\"text-align: justify;\"><span style=\"color: #444444;\">Le suspens a assez dur\u00e9\u2026 Voil\u00e0 enfin la vid\u00e9o tant attendue\u00a0:<\/span><\/p>\n<p><a href=\"https:\/\/www.terresens.com\/fr\/?page_id=1183\" target=\"_blank\"><img loading=\"lazy\" decoding=\"async\" class=\"aligncenter wp-image-3493 size-full\" src=\"http:\/\/www.terresens.com\/wp-content\/uploads\/2017\/02\/video.jpg\" alt=\"vid\u00e9o\" width=\"900\" height=\"270\" srcset=\"https:\/\/www.terresens.com\/wp-content\/uploads\/2017\/02\/video.jpg 900w, https:\/\/www.terresens.com\/wp-content\/uploads\/2017\/02\/video-250x75.jpg 250w, https:\/\/www.terresens.com\/wp-content\/uploads\/2017\/02\/video-768x230.jpg 768w, https:\/\/www.terresens.com\/wp-content\/uploads\/2017\/02\/video-700x210.jpg 700w, https:\/\/www.terresens.com\/wp-content\/uploads\/2017\/02\/video-120x36.jpg 120w\" sizes=\"auto, (max-width: 900px) 100vw, 900px\" \/><\/a><\/p>\n","protected":false},"excerpt":{"rendered":"Le concept de Copropri\u00e9t\u00e9 R\u00e9sidentielle de Tourisme cr\u00e9\u00e9 et d\u00e9pos\u00e9 par Terr\u00e9sens fait l\u2019objet d\u2019une vid\u00e9o dr\u00f4le et d\u00e9cal\u00e9e. Si vous nous suivez sur les r\u00e9seaux sociaux vous l\u2019attendez depuis une semaine\u00a0: aujourd\u2019hui nous vous la d\u00e9voilons enfin\u00a0! Pas facile de mettre en image un concept aussi pr\u00e9cis que celui de la CRT\u2026 Et pourtant,\u2026","protected":false},"author":18,"featured_media":3495,"comment_status":"open","ping_status":"closed","sticky":false,"template":"","format":"standard","meta":{"footnotes":""},"categories":[40,19,54,43],"tags":[],"class_list":["post-3489","post","type-post","status-publish","format-standard","has-post-thumbnail","hentry","category-corporate","category-le-groupe","category-programmes","category-videos"],"acf":[],"_links":{"self":[{"href":"https:\/\/www.terresens.com\/fr\/wp-json\/wp\/v2\/posts\/3489","targetHints":{"allow":["GET"]}}],"collection":[{"href":"https:\/\/www.terresens.com\/fr\/wp-json\/wp\/v2\/posts"}],"about":[{"href":"https:\/\/www.terresens.com\/fr\/wp-json\/wp\/v2\/types\/post"}],"author":[{"embeddable":true,"href":"https:\/\/www.terresens.com\/fr\/wp-json\/wp\/v2\/users\/18"}],"replies":[{"embeddable":true,"href":"https:\/\/www.terresens.com\/fr\/wp-json\/wp\/v2\/comments?post=3489"}],"version-history":[{"count":5,"href":"https:\/\/www.terresens.com\/fr\/wp-json\/wp\/v2\/posts\/3489\/revisions"}],"predecessor-version":[{"id":3667,"href":"https:\/\/www.terresens.com\/fr\/wp-json\/wp\/v2\/posts\/3489\/revisions\/3667"}],"wp:featuredmedia":[{"embeddable":true,"href":"https:\/\/www.terresens.com\/fr\/wp-json\/wp\/v2\/media\/3495"}],"wp:attachment":[{"href":"https:\/\/www.terresens.com\/fr\/wp-json\/wp\/v2\/media?parent=3489"}],"wp:term":[{"taxonomy":"category","embeddable":true,"href":"https:\/\/www.terresens.com\/fr\/wp-json\/wp\/v2\/categories?post=3489"},{"taxonomy":"post_tag","embeddable":true,"href":"https:\/\/www.terresens.com\/fr\/wp-json\/wp\/v2\/tags?post=3489"}],"curies":[{"name":"wp","href":"https:\/\/api.w.org\/{rel}","templated":true}]}}