{"id":2682,"date":"2016-12-14T17:38:16","date_gmt":"2016-12-14T16:38:16","guid":{"rendered":"http:\/\/www.terresens.com\/?p=2682"},"modified":"2020-06-04T08:22:18","modified_gmt":"2020-06-04T07:22:18","slug":"linauguration-coeur-loges","status":"publish","type":"post","link":"https:\/\/www.terresens.com\/fr\/linauguration-coeur-loges\/","title":{"rendered":"L\u2019inauguration du C\u0153ur des Loges a eu lieu le samedi 10 d\u00e9cembre 2016 aux M\u00e9nuires."},"content":{"rendered":"<h2 style=\"text-align: justify;\"><span style=\"color: #444444;\">L\u2019inauguration du C\u0153ur des Loges a eu lieu le samedi 10 d\u00e9cembre 2016 aux M\u00e9nuires.<\/span><\/h2>\n<h3><span style=\"color: #2d749c;\">Retour sur l&rsquo;\u00e9v\u00e9nement<\/span><\/h3>\n<p style=\"text-align: justify;\"><strong>LES PERSONNALIT\u00c9S :<\/strong><\/p>\n<p style=\"text-align: justify;\">La R\u00e9sidence de tourisme Le C\u0153ur des Loges a \u00e9t\u00e9 inaugur\u00e9e le samedi 10 d\u00e9cembre 2016 par : Andr\u00e9 PLAISANCE, maire des Belleville ; Franck LOMBARD, Premier Vice-Pr\u00e9sident du Conseil D\u00e9partemental de Savoie et Pr\u00e9sident Directeur G\u00e9n\u00e9ral de la Soci\u00e9t\u00e9 d\u2019Am\u00e9nagement de la Savoie ; David PONSON, Directeur de la Compagnie des Alpes ; Luc VERGONJEANNE, Directeur R\u00e9gional d\u2019Eiffage Immobilier Centre Est, promoteur de l\u2019op\u00e9ration ; Jean-Marc FILIPPINI, Pr\u00e9sident du groupe MMV, gestionnaire de la r\u00e9sidence\u00a0; G\u00e9raud Cornillon, PDG du groupe Terr\u00e9sens.<\/p>\n<p style=\"text-align: justify;\"><img loading=\"lazy\" decoding=\"async\" width=\"700\" height=\"474\" class=\"size-large wp-image-2688 aligncenter\" src=\"http:\/\/www.terresens.com\/wp-content\/uploads\/2016\/12\/inauguration-m\u00e9nuires-700x474.jpg\" alt=\"inauguration m\u00e9nuires d\u00e9cembre\" srcset=\"https:\/\/www.terresens.com\/wp-content\/uploads\/2016\/12\/inauguration-m\u00e9nuires-700x474.jpg 700w, https:\/\/www.terresens.com\/wp-content\/uploads\/2016\/12\/inauguration-m\u00e9nuires-250x169.jpg 250w, https:\/\/www.terresens.com\/wp-content\/uploads\/2016\/12\/inauguration-m\u00e9nuires-768x520.jpg 768w, https:\/\/www.terresens.com\/wp-content\/uploads\/2016\/12\/inauguration-m\u00e9nuires-120x81.jpg 120w, https:\/\/www.terresens.com\/wp-content\/uploads\/2016\/12\/inauguration-m\u00e9nuires.jpg 2048w\" sizes=\"auto, (max-width: 700px) 100vw, 700px\" \/><\/p>\n<p style=\"text-align: justify;\"><strong>L\u2019OPERATION :<\/strong><\/p>\n<p style=\"text-align: justify;\">Cette r\u00e9sidence Club 4 \u00e9toiles dispose d&rsquo;une\u00a0piscine int\u00e9rieure chauff\u00e9e et Spa, Club enfants, restaurant et magasin de ski, et comprend\u00a0153 appartements sur pr\u00e8s de 11 000 m2 de planchers r\u00e9alis\u00e9e en 2 tranches. La premi\u00e8re tranche inaugur\u00e9e compte 111 appartements du T2 au T6. La seconde tranche de 42 appartements, en cours de r\u00e9alisation (livraison No\u00ebl 2017) de l\u2019autre c\u00f4t\u00e9 de la route, sera reli\u00e9e par une passerelle, marquant ainsi d\u2019un signal fort l\u2019entr\u00e9e de ce qu\u2019il est convenu d\u2019appeler \u00able nouveau M\u00e9nuires\u00bb. Cette r\u00e9sidence de tourisme permet d\u2019augmenter de pr\u00e8s de 1 000 lits la capacit\u00e9 d\u2019accueil des M\u00e9nuires. Drainant une client\u00e8le \u00e0 fort pouvoir d\u2019achat, elle repr\u00e9sente ainsi une nouvelle source de revenus pour l\u2019\u00e9conomie locale. L\u2019architecture a \u00e9t\u00e9 con\u00e7ue par le cabinet Studio Arch dans le respect des traditions savoyardes avec la pierre et le bois, tout en apportant une touche plus contemporaine. Fruit d\u2019une \u00e9troite concertation entre la Commune, la Soci\u00e9t\u00e9 d\u2019Am\u00e9nagement de la Savoie, la Compagnie des Alpes et l\u2019ensemble des partenaires du projet, cette r\u00e9sidence \u00ab ski aux pieds \u00bb s\u2019inscrit harmonieusement dans son environnement.<\/p>\n<p style=\"text-align: justify;\"><img loading=\"lazy\" decoding=\"async\" width=\"700\" height=\"474\" class=\"size-large wp-image-2689 aligncenter\" src=\"http:\/\/www.terresens.com\/wp-content\/uploads\/2016\/12\/inauguration-m\u00e9nuires-2-700x474.jpg\" alt=\"inauguration m\u00e9nuires d\u00e9cembre 2016\" srcset=\"https:\/\/www.terresens.com\/wp-content\/uploads\/2016\/12\/inauguration-m\u00e9nuires-2-700x474.jpg 700w, https:\/\/www.terresens.com\/wp-content\/uploads\/2016\/12\/inauguration-m\u00e9nuires-2-250x169.jpg 250w, https:\/\/www.terresens.com\/wp-content\/uploads\/2016\/12\/inauguration-m\u00e9nuires-2-768x520.jpg 768w, https:\/\/www.terresens.com\/wp-content\/uploads\/2016\/12\/inauguration-m\u00e9nuires-2-120x81.jpg 120w, https:\/\/www.terresens.com\/wp-content\/uploads\/2016\/12\/inauguration-m\u00e9nuires-2.jpg 2048w\" sizes=\"auto, (max-width: 700px) 100vw, 700px\" \/><\/p>\n<p style=\"text-align: justify;\"><strong>LES PARTENAIRES :<\/strong><\/p>\n<p style=\"text-align: justify;\">&#8211; R\u00e9alis\u00e9e par EIFFAGE IMMOBILIER : constructeur promoteur, filiale du groupe Eiffage, 3\u00e8me major fran\u00e7ais du BTP, 5\u00e8me au rang europ\u00e9en : 64 000 collaborateurs.<\/p>\n<p style=\"text-align: justify;\">&#8211; G\u00e9r\u00e9e par MMV : 2\u00e8me op\u00e9rateur h\u00f4telier dans les Alpes fran\u00e7aises pr\u00e9sent dans 16 stations alpines dont 11 H\u00f4tels Club et 6 R\u00e9sidences Club avec 500 salari\u00e9s \u00e9quivalent temps plein.<\/p>\n<p style=\"text-align: justify;\">&#8211; Commercialis\u00e9e par le groupe Terr\u00e9sens qui intervient \u00e0 toutes les \u00e9tapes d\u2019une r\u00e9sidence g\u00e9r\u00e9e, de fa\u00e7on transversale, de la conception \u00e0 l\u2019exploitation en passant par la commercialisation, ce qui lui conf\u00e8re une vision \u00e0 360\u00b0.<\/p>\n<p style=\"text-align: justify;\"><img loading=\"lazy\" decoding=\"async\" width=\"700\" height=\"474\" class=\"size-large wp-image-2690 aligncenter\" src=\"http:\/\/www.terresens.com\/wp-content\/uploads\/2016\/12\/inauguration-m\u00e9nuires-3-700x474.jpg\" alt=\"inauguration m\u00e9nuires \" srcset=\"https:\/\/www.terresens.com\/wp-content\/uploads\/2016\/12\/inauguration-m\u00e9nuires-3-700x474.jpg 700w, https:\/\/www.terresens.com\/wp-content\/uploads\/2016\/12\/inauguration-m\u00e9nuires-3-250x169.jpg 250w, https:\/\/www.terresens.com\/wp-content\/uploads\/2016\/12\/inauguration-m\u00e9nuires-3-768x520.jpg 768w, https:\/\/www.terresens.com\/wp-content\/uploads\/2016\/12\/inauguration-m\u00e9nuires-3-120x81.jpg 120w, https:\/\/www.terresens.com\/wp-content\/uploads\/2016\/12\/inauguration-m\u00e9nuires-3.jpg 2048w\" sizes=\"auto, (max-width: 700px) 100vw, 700px\" \/><\/p>\n<p style=\"text-align: justify;\"><strong>DES SERVICES HAUT DE GAMME :<br \/>\n<\/strong><\/p>\n<p style=\"text-align: justify;\">Des prestations vari\u00e9es<\/p>\n<ul>\n<li style=\"text-align: justify;\">&#8211; Un hall d\u2019entr\u00e9e avec accueil et salon commun avec chemin\u00e9e<\/li>\n<li style=\"text-align: justify;\">&#8211; Un Club Kids pour les 4 \u00e0 10 ans et Rencontres Entr\u2019 Ados de 11 \u00e0 17 ans, des rendez-vous mmv pour toute la famille<\/li>\n<li style=\"text-align: justify;\">&#8211; Une piscine int\u00e9rieure chauff\u00e9e<\/li>\n<li style=\"text-align: justify;\">&#8211; Un spa avec jacuzzi, sauna et hammam<\/li>\n<li style=\"text-align: justify;\">&#8211; Une bagagerie et une lingerie<\/li>\n<li style=\"text-align: justify;\">&#8211; Un service boulangerie<\/li>\n<li style=\"text-align: justify;\">&#8211; Un restaurant partenaire avec terrasse panoramique<\/li>\n<li style=\"text-align: justify;\">&#8211; Un magasin de mat\u00e9riel de ski<\/li>\n<\/ul>\n<p><img loading=\"lazy\" decoding=\"async\" width=\"700\" height=\"465\" class=\"size-large wp-image-2691 aligncenter\" src=\"http:\/\/www.terresens.com\/wp-content\/uploads\/2016\/12\/salon-m\u00e9nuires-1-700x465.jpg\" alt=\"salon m\u00e9nuires \" srcset=\"https:\/\/www.terresens.com\/wp-content\/uploads\/2016\/12\/salon-m\u00e9nuires-1-700x465.jpg 700w, https:\/\/www.terresens.com\/wp-content\/uploads\/2016\/12\/salon-m\u00e9nuires-1-250x166.jpg 250w, https:\/\/www.terresens.com\/wp-content\/uploads\/2016\/12\/salon-m\u00e9nuires-1-768x510.jpg 768w, https:\/\/www.terresens.com\/wp-content\/uploads\/2016\/12\/salon-m\u00e9nuires-1-120x80.jpg 120w, https:\/\/www.terresens.com\/wp-content\/uploads\/2016\/12\/salon-m\u00e9nuires-1.jpg 1024w\" sizes=\"auto, (max-width: 700px) 100vw, 700px\" \/><\/p>\n<p style=\"text-align: justify;\"><small>Quelques lots sont encore disponibles ! Si vous aussi vous souhaitez investir dans un appartement haut de gamme dans la r\u00e9sidence le Coeur des Loges aux M\u00e9nuires, rendez-vous sur : <a href=\"https:\/\/www.terresens.com\/fr\/?post_type=programme-immobilier&#038;p=815\" target=\"_blank\" rel=\"noopener\">www.terresens.com<\/a> pour d\u00e9couvrir notre programme !<\/small><\/p>\n","protected":false},"excerpt":{"rendered":"L\u2019inauguration du C\u0153ur des Loges a eu lieu le samedi 10 d\u00e9cembre 2016 aux M\u00e9nuires. Retour sur l&rsquo;\u00e9v\u00e9nement LES PERSONNALIT\u00c9S : La R\u00e9sidence de tourisme Le C\u0153ur des Loges a \u00e9t\u00e9 inaugur\u00e9e le samedi 10 d\u00e9cembre 2016 par : Andr\u00e9 PLAISANCE, maire des Belleville ; Franck LOMBARD, Premier Vice-Pr\u00e9sident du Conseil D\u00e9partemental de Savoie et\u2026","protected":false},"author":18,"featured_media":2687,"comment_status":"open","ping_status":"closed","sticky":false,"template":"","format":"standard","meta":{"footnotes":""},"categories":[42,55,19,56,54],"tags":[],"class_list":["post-2682","post","type-post","status-publish","format-standard","has-post-thumbnail","hentry","category-evenements","category-immobilier","category-le-groupe","category-lifestyle","category-programmes"],"acf":[],"_links":{"self":[{"href":"https:\/\/www.terresens.com\/fr\/wp-json\/wp\/v2\/posts\/2682","targetHints":{"allow":["GET"]}}],"collection":[{"href":"https:\/\/www.terresens.com\/fr\/wp-json\/wp\/v2\/posts"}],"about":[{"href":"https:\/\/www.terresens.com\/fr\/wp-json\/wp\/v2\/types\/post"}],"author":[{"embeddable":true,"href":"https:\/\/www.terresens.com\/fr\/wp-json\/wp\/v2\/users\/18"}],"replies":[{"embeddable":true,"href":"https:\/\/www.terresens.com\/fr\/wp-json\/wp\/v2\/comments?post=2682"}],"version-history":[{"count":6,"href":"https:\/\/www.terresens.com\/fr\/wp-json\/wp\/v2\/posts\/2682\/revisions"}],"predecessor-version":[{"id":15789,"href":"https:\/\/www.terresens.com\/fr\/wp-json\/wp\/v2\/posts\/2682\/revisions\/15789"}],"wp:featuredmedia":[{"embeddable":true,"href":"https:\/\/www.terresens.com\/fr\/wp-json\/wp\/v2\/media\/2687"}],"wp:attachment":[{"href":"https:\/\/www.terresens.com\/fr\/wp-json\/wp\/v2\/media?parent=2682"}],"wp:term":[{"taxonomy":"category","embeddable":true,"href":"https:\/\/www.terresens.com\/fr\/wp-json\/wp\/v2\/categories?post=2682"},{"taxonomy":"post_tag","embeddable":true,"href":"https:\/\/www.terresens.com\/fr\/wp-json\/wp\/v2\/tags?post=2682"}],"curies":[{"name":"wp","href":"https:\/\/api.w.org\/{rel}","templated":true}]}}