{"id":2661,"date":"2016-12-14T10:00:34","date_gmt":"2016-12-14T09:00:34","guid":{"rendered":"http:\/\/www.terresens.com\/?p=2661"},"modified":"2017-01-26T17:07:40","modified_gmt":"2017-01-26T16:07:40","slug":"la-rosiere","status":"publish","type":"post","link":"https:\/\/www.terresens.com\/fr\/la-rosiere\/","title":{"rendered":"La Rosi\u00e8re : Zoom sur l&rsquo;avanc\u00e9e des travaux du Hameau de Barth\u00e9l\u00e9my"},"content":{"rendered":"<h2 style=\"text-align: justify;\"><span class=\"txtsize\" style=\"color: #444444;\">Du nouveau du c\u00f4t\u00e9 de la Rosi\u00e8re<\/span><\/h2>\n<h3 style=\"text-align: justify;\"><strong><span class=\"txtsize\" style=\"color: #b2e21e;\">Nous vous faisons d\u00e9couvrir les photos de l&rsquo;avanc\u00e9e du chantier<\/span><\/strong><\/h3>\n<p><img loading=\"lazy\" decoding=\"async\" width=\"700\" height=\"525\" class=\"size-large wp-image-2666 aligncenter\" src=\"http:\/\/www.terresens.com\/wp-content\/uploads\/2016\/12\/la-rosi\u00e8re-1-700x525.jpg\" alt=\"la rosi\u00e8re chantier\" srcset=\"https:\/\/www.terresens.com\/wp-content\/uploads\/2016\/12\/la-rosi\u00e8re-1-700x525.jpg 700w, https:\/\/www.terresens.com\/wp-content\/uploads\/2016\/12\/la-rosi\u00e8re-1-250x188.jpg 250w, https:\/\/www.terresens.com\/wp-content\/uploads\/2016\/12\/la-rosi\u00e8re-1-768x576.jpg 768w, https:\/\/www.terresens.com\/wp-content\/uploads\/2016\/12\/la-rosi\u00e8re-1-120x90.jpg 120w\" sizes=\"auto, (max-width: 700px) 100vw, 700px\" \/><\/p>\n<p style=\"text-align: justify;\"><span class=\"txtsize\">Aujourd&rsquo;hui nous vous donnes quelques nouvelles du c\u00f4t\u00e9 de la Rosi\u00e8re. La construction du \u00ab\u00a0Hameau de Barth\u00e9l\u00e9my\u00a0\u00bb se poursuit. <\/span><\/p>\n<p style=\"text-align: justify;\"><span class=\"txtsize\">Les dalles de certains b\u00e2timents ont \u00e9t\u00e9 coul\u00e9es (les dalles des RDC pour les b\u00e2timents C et D, ainsi que la dalle du parking).<\/span><\/p>\n<p style=\"text-align: justify;\">Nous vous proposons de d\u00e9couvrir quelques photos prises au d\u00e9but du mois de d\u00e9cembre 2016. Ces photos vous donneront un aper\u00e7u du magnifique panorama qu&rsquo;offre la station de la Rois\u00e8re.<\/p>\n<p style=\"text-align: justify;\">Le domaine skiable de la Rosi\u00e8re a ouvert ses portes le 10 d\u00e9cembre dernier, par cons\u00e9quent, les travaux sont stopp\u00e9s pendant la p\u00e9riode hivernale et reprendront le 24 avril 2017.<\/p>\n<p style=\"text-align: justify;\">Nous vous souhaitons en attendant, de tr\u00e8s belles f\u00eates de fin d&rsquo;ann\u00e9e&#8230;<\/p>\n<p style=\"text-align: justify;\">Ces photos vous donneront un aper\u00e7u du magnifique panorama qu&rsquo;offre la Rosi\u00e8re.<\/p>\n<p style=\"text-align: justify;\">Nous vous souhaitons en attendant, de tr\u00e8s belles f\u00eates de fin d&rsquo;ann\u00e9e !<\/p>\n<p><img loading=\"lazy\" decoding=\"async\" width=\"700\" height=\"525\" class=\"size-large wp-image-2667 aligncenter\" src=\"http:\/\/www.terresens.com\/wp-content\/uploads\/2016\/12\/la-rosi\u00e8re-2-700x525.jpg\" alt=\"la rosi\u00e8re chantier 2\" srcset=\"https:\/\/www.terresens.com\/wp-content\/uploads\/2016\/12\/la-rosi\u00e8re-2-700x525.jpg 700w, https:\/\/www.terresens.com\/wp-content\/uploads\/2016\/12\/la-rosi\u00e8re-2-250x188.jpg 250w, https:\/\/www.terresens.com\/wp-content\/uploads\/2016\/12\/la-rosi\u00e8re-2-768x576.jpg 768w, https:\/\/www.terresens.com\/wp-content\/uploads\/2016\/12\/la-rosi\u00e8re-2-120x90.jpg 120w\" sizes=\"auto, (max-width: 700px) 100vw, 700px\" \/><\/p>\n<p><img loading=\"lazy\" decoding=\"async\" width=\"700\" height=\"525\" class=\"size-large wp-image-2668 aligncenter\" src=\"http:\/\/www.terresens.com\/wp-content\/uploads\/2016\/12\/la-rosi\u00e8re-3-700x525.jpg\" alt=\"la rosi\u00e8re chantier 3\" srcset=\"https:\/\/www.terresens.com\/wp-content\/uploads\/2016\/12\/la-rosi\u00e8re-3-700x525.jpg 700w, https:\/\/www.terresens.com\/wp-content\/uploads\/2016\/12\/la-rosi\u00e8re-3-250x188.jpg 250w, https:\/\/www.terresens.com\/wp-content\/uploads\/2016\/12\/la-rosi\u00e8re-3-768x576.jpg 768w, https:\/\/www.terresens.com\/wp-content\/uploads\/2016\/12\/la-rosi\u00e8re-3-120x90.jpg 120w\" sizes=\"auto, (max-width: 700px) 100vw, 700px\" \/><\/p>\n<p><img loading=\"lazy\" decoding=\"async\" width=\"700\" height=\"525\" class=\"size-large wp-image-2669 aligncenter\" src=\"http:\/\/www.terresens.com\/wp-content\/uploads\/2016\/12\/la-rosi\u00e8re-4-700x525.jpg\" alt=\"la rosi\u00e8re chantier 4\" srcset=\"https:\/\/www.terresens.com\/wp-content\/uploads\/2016\/12\/la-rosi\u00e8re-4-700x525.jpg 700w, https:\/\/www.terresens.com\/wp-content\/uploads\/2016\/12\/la-rosi\u00e8re-4-250x188.jpg 250w, https:\/\/www.terresens.com\/wp-content\/uploads\/2016\/12\/la-rosi\u00e8re-4-768x576.jpg 768w, https:\/\/www.terresens.com\/wp-content\/uploads\/2016\/12\/la-rosi\u00e8re-4-120x90.jpg 120w\" sizes=\"auto, (max-width: 700px) 100vw, 700px\" \/><\/p>\n<p><img loading=\"lazy\" decoding=\"async\" width=\"700\" height=\"525\" class=\"size-large wp-image-2670 aligncenter\" src=\"http:\/\/www.terresens.com\/wp-content\/uploads\/2016\/12\/la-rosi\u00e8re-5-700x525.jpg\" alt=\"la rosi\u00e8re 5\" srcset=\"https:\/\/www.terresens.com\/wp-content\/uploads\/2016\/12\/la-rosi\u00e8re-5-700x525.jpg 700w, https:\/\/www.terresens.com\/wp-content\/uploads\/2016\/12\/la-rosi\u00e8re-5-250x188.jpg 250w, https:\/\/www.terresens.com\/wp-content\/uploads\/2016\/12\/la-rosi\u00e8re-5-768x576.jpg 768w, https:\/\/www.terresens.com\/wp-content\/uploads\/2016\/12\/la-rosi\u00e8re-5-120x90.jpg 120w\" sizes=\"auto, (max-width: 700px) 100vw, 700px\" \/><\/p>\n<p>&nbsp;<\/p>\n<p style=\"text-align: justify;\">Cette r\u00e9sidence vous int\u00e9rresse ? D\u00e9couvrez notre programme \u00ab\u00a0le Hameau de Barth\u00e9l\u00e9my\u00a0\u00bb \u00e0 la Rosi\u00e8re sur : <a href=\"https:\/\/www.terresens.com\/fr\/programmes-immobiliers\/la-rosiere-le-hameau-de-barthelemy\/\" target=\"_blank\">www.terresens.com<\/a><\/p>\n","protected":false},"excerpt":{"rendered":"Du nouveau du c\u00f4t\u00e9 de la Rosi\u00e8re Nous vous faisons d\u00e9couvrir les photos de l&rsquo;avanc\u00e9e du chantier Aujourd&rsquo;hui nous vous donnes quelques nouvelles du c\u00f4t\u00e9 de la Rosi\u00e8re. La construction du \u00ab\u00a0Hameau de Barth\u00e9l\u00e9my\u00a0\u00bb se poursuit. Les dalles de certains b\u00e2timents ont \u00e9t\u00e9 coul\u00e9es (les dalles des RDC pour les b\u00e2timents C et D, ainsi\u2026","protected":false},"author":18,"featured_media":2671,"comment_status":"open","ping_status":"closed","sticky":false,"template":"","format":"standard","meta":{"footnotes":""},"categories":[55,54],"tags":[],"class_list":["post-2661","post","type-post","status-publish","format-standard","has-post-thumbnail","hentry","category-immobilier","category-programmes"],"acf":[],"_links":{"self":[{"href":"https:\/\/www.terresens.com\/fr\/wp-json\/wp\/v2\/posts\/2661","targetHints":{"allow":["GET"]}}],"collection":[{"href":"https:\/\/www.terresens.com\/fr\/wp-json\/wp\/v2\/posts"}],"about":[{"href":"https:\/\/www.terresens.com\/fr\/wp-json\/wp\/v2\/types\/post"}],"author":[{"embeddable":true,"href":"https:\/\/www.terresens.com\/fr\/wp-json\/wp\/v2\/users\/18"}],"replies":[{"embeddable":true,"href":"https:\/\/www.terresens.com\/fr\/wp-json\/wp\/v2\/comments?post=2661"}],"version-history":[{"count":5,"href":"https:\/\/www.terresens.com\/fr\/wp-json\/wp\/v2\/posts\/2661\/revisions"}],"predecessor-version":[{"id":3089,"href":"https:\/\/www.terresens.com\/fr\/wp-json\/wp\/v2\/posts\/2661\/revisions\/3089"}],"wp:featuredmedia":[{"embeddable":true,"href":"https:\/\/www.terresens.com\/fr\/wp-json\/wp\/v2\/media\/2671"}],"wp:attachment":[{"href":"https:\/\/www.terresens.com\/fr\/wp-json\/wp\/v2\/media?parent=2661"}],"wp:term":[{"taxonomy":"category","embeddable":true,"href":"https:\/\/www.terresens.com\/fr\/wp-json\/wp\/v2\/categories?post=2661"},{"taxonomy":"post_tag","embeddable":true,"href":"https:\/\/www.terresens.com\/fr\/wp-json\/wp\/v2\/tags?post=2661"}],"curies":[{"name":"wp","href":"https:\/\/api.w.org\/{rel}","templated":true}]}}