{"id":25823,"date":"2023-04-17T09:38:59","date_gmt":"2023-04-17T08:38:59","guid":{"rendered":"https:\/\/www.terresens.com\/?p=25823"},"modified":"2023-04-17T09:38:59","modified_gmt":"2023-04-17T08:38:59","slug":"antoine-azzolin-as-du-slalom-et-du-combine-alpin","status":"publish","type":"post","link":"https:\/\/www.terresens.com\/fr\/antoine-azzolin-as-du-slalom-et-du-combine-alpin\/","title":{"rendered":"Antoine Azzolin, as du slalom et du combin\u00e9 alpin"},"content":{"rendered":"<h3><strong>\u00ab N\u00e9 \u00e0 Rennes, j\u2019ai bien failli ne pas toucher au monde du ski \u00bb, confie le skieur, titre d\u00e9croch\u00e9 \u00e0 Meg\u00e8ve o\u00f9 la famille paternelle d\u2019Antoine lui a fait chausser les skis \u00e0 l\u2019\u00e2ge o\u00f9 l\u2019on apprend \u00e0 marcher. <\/strong><\/h3>\n<p>Le jeune passionn\u00e9 de glisse incite ses parents \u00e0 s\u2019installer \u00e0 Annecy, aux pieds de ses ch\u00e8res montagnes.<\/p>\n<p>Inscrit au coll\u00e8ge de la Venise des Alpes, Antoine pratique le ski cinq fois par semaine au Club de S\u00e9vrier puis \u00e0 celui d\u2019Annecy Semnoz. Soutenu par le Club de Meg\u00e8ve, il rejoint la section sport\u2013\u00e9tudes du Lyc\u00e9e d\u2019Albertville \u00e0 l\u2019heure o\u00f9 il s\u2019est d\u00e9j\u00e0 illustr\u00e9 en comp\u00e9tition avec L\u00e9o Copel, adversaire devenu le complice d\u2019un duo de choc au sein du groupe Rel\u00e8ve de la F\u00e9d\u00e9ration Fran\u00e7aise de Ski ! Bac en poche, Antoine a fait sa rentr\u00e9e \u00e0 19 ans l\u2019automne dernier, en techniques de communication \u00e0 l\u2018IUT d\u2019Annecy.<\/p>\n<p>L\u2019as du slalom et du combin\u00e9 alpin a sur sa feuille de route, la pr\u00e9paration des Championnats du Monde Junior de 2023 en Autriche et dans le Valais suisse en 2024. Entre-temps, le must serait de gagner une coupe d\u2019Europe en slalom, de s\u2019essayer au g\u00e9ant et de finir dans le Top 30 du classement g\u00e9n\u00e9ral.<\/p>\n<p>Entre deux s\u00e9ances d\u2019entra\u00eenement en roller, Antoine se souvient comme si c\u2019\u00e9tait hier, \u00ab des D\u00e9fis, Master Class o\u00f9 Terr\u00e9sens nous a permis de c\u00f4toyer le monde d\u2019en haut, de Mathieu Faivre \u00e0 Alexis Pinturault, sans oublier Marie Marchand-Arvier et Oph\u00e9lie David, championne de ski cross, nous avons remport\u00e9 ensemble l\u2019\u00e9preuve Bike &amp; Run du D\u00e9fi Terr\u00e9sens organis\u00e9 \u00e0 Combloux le 22 juin 2019 \u00bb.<\/p>\n<p>Pour passer du r\u00eave \u00e0 la r\u00e9alit\u00e9 de \u00ab s\u2019\u00e9panouir aussi bien en Coupe d\u2019Europe l\u2019an prochain qu\u2019en Fizz cette ann\u00e9e \u00bb, le jeune athl\u00e8te sait qu\u2019il peut compter sur l\u2019aide pr\u00e9cieuse de G\u00e9raud Cornillon, pr\u00e9sident de Terr\u00e9sens dont il a \u00e0 c\u0153ur de citer les propos : \u00ab Pour cr\u00e9er des champions, il faut aider ceux qui ne le sont pas encore \u00bb.<\/p>\n","protected":false},"excerpt":{"rendered":"\u00ab N\u00e9 \u00e0 Rennes, j\u2019ai bien failli ne pas toucher au monde du ski \u00bb, confie le skieur, titre d\u00e9croch\u00e9 \u00e0 Meg\u00e8ve o\u00f9 la famille paternelle d\u2019Antoine lui a fait chausser les skis \u00e0 l\u2019\u00e2ge o\u00f9 l\u2019on apprend \u00e0 marcher. Le jeune passionn\u00e9 de glisse incite ses parents \u00e0 s\u2019installer \u00e0 Annecy, aux pieds de\u2026","protected":false},"author":18,"featured_media":25824,"comment_status":"closed","ping_status":"closed","sticky":false,"template":"","format":"standard","meta":{"footnotes":""},"categories":[41,39],"tags":[],"class_list":["post-25823","post","type-post","status-publish","format-standard","has-post-thumbnail","hentry","category-interviews","category-magazine"],"acf":[],"_links":{"self":[{"href":"https:\/\/www.terresens.com\/fr\/wp-json\/wp\/v2\/posts\/25823","targetHints":{"allow":["GET"]}}],"collection":[{"href":"https:\/\/www.terresens.com\/fr\/wp-json\/wp\/v2\/posts"}],"about":[{"href":"https:\/\/www.terresens.com\/fr\/wp-json\/wp\/v2\/types\/post"}],"author":[{"embeddable":true,"href":"https:\/\/www.terresens.com\/fr\/wp-json\/wp\/v2\/users\/18"}],"replies":[{"embeddable":true,"href":"https:\/\/www.terresens.com\/fr\/wp-json\/wp\/v2\/comments?post=25823"}],"version-history":[{"count":2,"href":"https:\/\/www.terresens.com\/fr\/wp-json\/wp\/v2\/posts\/25823\/revisions"}],"predecessor-version":[{"id":25957,"href":"https:\/\/www.terresens.com\/fr\/wp-json\/wp\/v2\/posts\/25823\/revisions\/25957"}],"wp:featuredmedia":[{"embeddable":true,"href":"https:\/\/www.terresens.com\/fr\/wp-json\/wp\/v2\/media\/25824"}],"wp:attachment":[{"href":"https:\/\/www.terresens.com\/fr\/wp-json\/wp\/v2\/media?parent=25823"}],"wp:term":[{"taxonomy":"category","embeddable":true,"href":"https:\/\/www.terresens.com\/fr\/wp-json\/wp\/v2\/categories?post=25823"},{"taxonomy":"post_tag","embeddable":true,"href":"https:\/\/www.terresens.com\/fr\/wp-json\/wp\/v2\/tags?post=25823"}],"curies":[{"name":"wp","href":"https:\/\/api.w.org\/{rel}","templated":true}]}}