{"id":2207,"date":"2016-07-29T13:50:17","date_gmt":"2016-07-29T12:50:17","guid":{"rendered":"http:\/\/www.terresens.com\/?p=2207"},"modified":"2016-07-29T14:09:00","modified_gmt":"2016-07-29T13:09:00","slug":"investir-la-baule","status":"publish","type":"post","link":"https:\/\/www.terresens.com\/fr\/investir-la-baule\/","title":{"rendered":"Pourquoi investir \u00e0 La Baule ?"},"content":{"rendered":"<h2><span style=\"color: #444444;\">Pourquoi j&rsquo;investis dans une r\u00e9sidence \u00e0 La Baule ?\u00a0<\/span><\/h2>\n<h3 style=\"text-align: justify;\"><span style=\"color: #b2e21e;\">Le groupe Terr\u00e9sens vient de lancer en commercialisation 3 programmes d&rsquo;exception dans la mythique station baln\u00e9aire de La Baule. Destination pris\u00e9e des familles pour sa douceur de vie et ses multiples activit\u00e9s propos\u00e9es, La Baule est un endroit id\u00e9al pour installer son pied-\u00e0-terre.<\/span><\/h3>\n<p style=\"text-align: justify;\"><strong>4\u00a0raisons pour acqu\u00e9rir votre r\u00e9sidence secondaire \u00e0 La Baule :<\/strong><\/p>\n<p style=\"text-align: justify;\">1\/ Pour b\u00e9n\u00e9ficier d&rsquo;une valeur patrimoniale stable, tangible et p\u00e9renne dans le temps. J&rsquo;\u00e9pargne pour l&rsquo;avenir en choisissant un emplacement immobilier de premier choix dans une station baln\u00e9aire de renomm\u00e9e. Je choisis une r\u00e9sidence neuve de haut standing pour la qualit\u00e9 de mon patrimoine immobilier.<\/p>\n<p style=\"text-align: justify;\">2\/ Je peux en faire ma r\u00e9sidence secondaire. Mais si je souhaite rentabiliser mon investissement immobilier, je peux au choix, le louer par moi-m\u00eame, par agence ou par le bail commercial avec Terr\u00e9sens Vacances<\/p>\n<p style=\"text-align: justify;\">3\/ \u00a0Pour l&rsquo;option fiscale propos\u00e9e par Terr\u00e9sens. Si je le d\u00e9sire, je peux b\u00e9n\u00e9ficier de la r\u00e9cup\u00e9ration de la TVA \u00e0 20% sur l&rsquo;achat de mon appartement.<\/p>\n<p style=\"text-align: justify;\">4\/ Pour me cr\u00e9er un joli patrimoine, profiter de mon appartement et passer des vacances en famille ou entre amis.<\/p>\n<p>&nbsp;<\/p>\n<p><img loading=\"lazy\" decoding=\"async\" width=\"250\" height=\"167\" class=\"alignnone size-medium wp-image-1979\" src=\"http:\/\/www.terresens.com\/wp-content\/uploads\/2016\/07\/Villa-les-Fr\u00eanes-Illustration-2-250x167.jpg\" alt=\"villa les frenes la baule pers\" srcset=\"https:\/\/www.terresens.com\/wp-content\/uploads\/2016\/07\/Villa-les-Fr\u00eanes-Illustration-2-250x167.jpg 250w, https:\/\/www.terresens.com\/wp-content\/uploads\/2016\/07\/Villa-les-Fr\u00eanes-Illustration-2-768x512.jpg 768w, https:\/\/www.terresens.com\/wp-content\/uploads\/2016\/07\/Villa-les-Fr\u00eanes-Illustration-2-700x467.jpg 700w, https:\/\/www.terresens.com\/wp-content\/uploads\/2016\/07\/Villa-les-Fr\u00eanes-Illustration-2-120x80.jpg 120w, https:\/\/www.terresens.com\/wp-content\/uploads\/2016\/07\/Villa-les-Fr\u00eanes-Illustration-2.jpg 1080w\" sizes=\"auto, (max-width: 250px) 100vw, 250px\" \/><\/p>\n<p>Retrouvez <a href=\"https:\/\/www.terresens.com\/fr\/?post_type=programme-immobilier&#038;p=1961\" target=\"_blank\">la Villa Les Fr\u00eanes<\/a>\u00a0une petite copropri\u00e9t\u00e9 de 5 appartements \u00e0 400 m\u00e8tres de la plus belle baie d&rsquo;Europe<\/p>\n<p><img loading=\"lazy\" decoding=\"async\" width=\"250\" height=\"167\" class=\"alignnone size-medium wp-image-1977\" src=\"http:\/\/www.terresens.com\/wp-content\/uploads\/2016\/07\/PROMOCEAN-Les-Troves-ILLUSTRATION-2-250x167.jpg\" alt=\"villa les troves la baule pers\" srcset=\"https:\/\/www.terresens.com\/wp-content\/uploads\/2016\/07\/PROMOCEAN-Les-Troves-ILLUSTRATION-2-250x167.jpg 250w, https:\/\/www.terresens.com\/wp-content\/uploads\/2016\/07\/PROMOCEAN-Les-Troves-ILLUSTRATION-2-768x512.jpg 768w, https:\/\/www.terresens.com\/wp-content\/uploads\/2016\/07\/PROMOCEAN-Les-Troves-ILLUSTRATION-2-700x467.jpg 700w, https:\/\/www.terresens.com\/wp-content\/uploads\/2016\/07\/PROMOCEAN-Les-Troves-ILLUSTRATION-2-120x80.jpg 120w, https:\/\/www.terresens.com\/wp-content\/uploads\/2016\/07\/PROMOCEAN-Les-Troves-ILLUSTRATION-2.jpg 1080w\" sizes=\"auto, (max-width: 250px) 100vw, 250px\" \/><\/p>\n<p>Retrouvez la <a href=\"https:\/\/www.terresens.com\/fr\/?post_type=programme-immobilier&#038;p=1963\" target=\"_blank\">Villa Les Troves<\/a>\u00a0avec sa vue exceptionnelle sur l&rsquo;Oc\u00e9an<\/p>\n<p><img loading=\"lazy\" decoding=\"async\" width=\"250\" height=\"167\" class=\"alignnone size-medium wp-image-1968\" src=\"http:\/\/www.terresens.com\/wp-content\/uploads\/2016\/07\/LINEDIT-PERS-250x167.jpg\" alt=\"inedit la baule pers\" srcset=\"https:\/\/www.terresens.com\/wp-content\/uploads\/2016\/07\/LINEDIT-PERS-250x167.jpg 250w, https:\/\/www.terresens.com\/wp-content\/uploads\/2016\/07\/LINEDIT-PERS-768x512.jpg 768w, https:\/\/www.terresens.com\/wp-content\/uploads\/2016\/07\/LINEDIT-PERS-700x467.jpg 700w, https:\/\/www.terresens.com\/wp-content\/uploads\/2016\/07\/LINEDIT-PERS-120x80.jpg 120w\" sizes=\"auto, (max-width: 250px) 100vw, 250px\" \/><\/p>\n<p>D\u00e9couvrez <a href=\"https:\/\/www.terresens.com\/fr\/?post_type=programme-immobilier&#038;p=1962\" target=\"_blank\">l&rsquo;In\u00e9dit<\/a> \u00e0 300 m\u00e8tres de la plage et de ses commerces<\/p>\n","protected":false},"excerpt":{"rendered":"Pourquoi j&rsquo;investis dans une r\u00e9sidence \u00e0 La Baule ?\u00a0 Le groupe Terr\u00e9sens vient de lancer en commercialisation 3 programmes d&rsquo;exception dans la mythique station baln\u00e9aire de La Baule. Destination pris\u00e9e des familles pour sa douceur de vie et ses multiples activit\u00e9s propos\u00e9es, La Baule est un endroit id\u00e9al pour installer son pied-\u00e0-terre. 4\u00a0raisons pour acqu\u00e9rir\u2026","protected":false},"author":18,"featured_media":1973,"comment_status":"open","ping_status":"closed","sticky":false,"template":"","format":"standard","meta":{"footnotes":""},"categories":[55],"tags":[],"class_list":["post-2207","post","type-post","status-publish","format-standard","has-post-thumbnail","hentry","category-immobilier"],"acf":[],"_links":{"self":[{"href":"https:\/\/www.terresens.com\/fr\/wp-json\/wp\/v2\/posts\/2207","targetHints":{"allow":["GET"]}}],"collection":[{"href":"https:\/\/www.terresens.com\/fr\/wp-json\/wp\/v2\/posts"}],"about":[{"href":"https:\/\/www.terresens.com\/fr\/wp-json\/wp\/v2\/types\/post"}],"author":[{"embeddable":true,"href":"https:\/\/www.terresens.com\/fr\/wp-json\/wp\/v2\/users\/18"}],"replies":[{"embeddable":true,"href":"https:\/\/www.terresens.com\/fr\/wp-json\/wp\/v2\/comments?post=2207"}],"version-history":[{"count":5,"href":"https:\/\/www.terresens.com\/fr\/wp-json\/wp\/v2\/posts\/2207\/revisions"}],"predecessor-version":[{"id":2213,"href":"https:\/\/www.terresens.com\/fr\/wp-json\/wp\/v2\/posts\/2207\/revisions\/2213"}],"wp:featuredmedia":[{"embeddable":true,"href":"https:\/\/www.terresens.com\/fr\/wp-json\/wp\/v2\/media\/1973"}],"wp:attachment":[{"href":"https:\/\/www.terresens.com\/fr\/wp-json\/wp\/v2\/media?parent=2207"}],"wp:term":[{"taxonomy":"category","embeddable":true,"href":"https:\/\/www.terresens.com\/fr\/wp-json\/wp\/v2\/categories?post=2207"},{"taxonomy":"post_tag","embeddable":true,"href":"https:\/\/www.terresens.com\/fr\/wp-json\/wp\/v2\/tags?post=2207"}],"curies":[{"name":"wp","href":"https:\/\/api.w.org\/{rel}","templated":true}]}}