{"id":1932,"date":"2016-06-23T09:04:56","date_gmt":"2016-06-23T08:04:56","guid":{"rendered":"http:\/\/www.terresens.com\/?p=1932"},"modified":"2016-06-23T09:23:15","modified_gmt":"2016-06-23T08:23:15","slug":"destinations-vacances-preferees-francais","status":"publish","type":"post","link":"https:\/\/www.terresens.com\/fr\/destinations-vacances-preferees-francais\/","title":{"rendered":"Les vacances de r\u00eave des Fran\u00e7ais"},"content":{"rendered":"<h2 style=\"text-align: justify;\"><span style=\"color: #444444;\">Les destinations pr\u00e9f\u00e9r\u00e9es des Fran\u00e7ais pour leurs vacances<\/span><\/h2>\n<h3 style=\"text-align: justify;\"><span style=\"color: #b2e21e;\">Les Fran\u00e7ais sont attach\u00e9s \u00e0 la France<\/span><\/h3>\n<p style=\"text-align: justify;\"><span style=\"color: #444444;\">Attach\u00e9s \u00e0 la France, les Fran\u00e7ais en font leur destination favorite pour les vacances d\u2019\u00e9t\u00e9. Et plus g\u00e9n\u00e9ralement, ce sont les pays d\u2019Europe du sud qui sont en t\u00eate de peloton pour les s\u00e9jours long en famille, malgr\u00e9 que les destinations du nord commencent \u00e0 int\u00e9resser davantage et \u00e0 se d\u00e9mocratiser.<\/span><\/p>\n<p style=\"text-align: justify;\"><span style=\"color: #444444;\">Environ deux tiers des Fran\u00e7ais sont demandeurs en termes de tourisme sur les plages de la c\u00f4te Fran\u00e7aise qui peuvent largement varier d\u2019une r\u00e9gion \u00e0 une autre. Tous types de paysages sont visibles\u00a0: sable fin, calanques, criques sauvages, falaises ou plages de galets \u2026 vous ne trouverez rien de similaire en vous rendant des falaises normandes \u00e0 la c\u00f4te d\u2019Azur.<\/span><\/p>\n<p style=\"text-align: justify;\"><span style=\"color: #444444;\">Pour ce qui est du profil, les familles sont plus attir\u00e9es par les interminables plages du Languedoc Roussillon tandis que les sportifs et amateurs de surfs se rendront sur la c\u00f4te Atlantique. Malgr\u00e9 tout, le paysage Corse reste un incontournable gr\u00e2ce \u00e0 toutes ses beaut\u00e9s et sa particularit\u00e9 d\u2019\u00eatre une \u00eele, donnant un c\u00f4t\u00e9 paradisiaque.<\/span><\/p>\n<h3 style=\"text-align: justify;\"><span style=\"color: #b2e21e;\">Tourisme Europ\u00e9en<\/span><\/h3>\n<p style=\"text-align: justify;\"><span style=\"color: #444444;\">Concernant les s\u00e9jours \u00e0 l\u2019\u00e9tranger, la premi\u00e8re destination des Fran\u00e7ais est l\u2019Espagne avec sa douceur de vivre et son rythme alliant farniente et soir\u00e9es endiabl\u00e9es.<\/span><\/p>\n<p style=\"text-align: justify;\"><span style=\"color: #444444;\">Apr\u00e8s l\u2019Espagne, c\u2019est l\u2019Italie qui monte sur le podium, alliant un grand patrimoine historique et culturel et pouvant contenter tant les f\u00e9rus d\u2019histoire \u00e0 Rome, Venise ou Florence\u00a0; que les amateurs de soleil et d\u2019eau sal\u00e9 avec des lieux comme la Sardaigne ou la Sicile.<\/span><\/p>\n<p style=\"text-align: justify;\"><span style=\"color: #444444;\">Pour finir, le Portugal se trouve sur la troisi\u00e8me marche du podium, proposant des lieux color\u00e9s et atypiques tout en restant relativement bon march\u00e9. Lisbonne et Porto sont devenus incontournables.<\/span><\/p>\n<h3 style=\"text-align: justify;\"><span style=\"color: #b2e21e;\">Brief sur le reste du monde<\/span><\/h3>\n<p style=\"text-align: justify;\"><span style=\"color: #444444;\">Les Etats-Unis et leur \u00ab\u00a0R\u00eave Am\u00e9ricain\u00a0\u00bb sont tr\u00e8s pris\u00e9s par les Fran\u00e7ais qui r\u00eavent d\u2019un s\u00e9jour outre Atlantique. Pour ceux qui d\u00e9sirent changer de continent de fa\u00e7on plus raisonnable, la travers\u00e9e de la M\u00e9diterran\u00e9e pour rejoindre l\u2019Afrique du Nord principalement pour le Maroc et la Tunisie reste d\u2019ann\u00e9es en ann\u00e9es relativement r\u00e9pandue.<\/span><\/p>\n","protected":false},"excerpt":{"rendered":"Les destinations pr\u00e9f\u00e9r\u00e9es des Fran\u00e7ais pour leurs vacances Les Fran\u00e7ais sont attach\u00e9s \u00e0 la France Attach\u00e9s \u00e0 la France, les Fran\u00e7ais en font leur destination favorite pour les vacances d\u2019\u00e9t\u00e9. Et plus g\u00e9n\u00e9ralement, ce sont les pays d\u2019Europe du sud qui sont en t\u00eate de peloton pour les s\u00e9jours long en famille, malgr\u00e9 que les\u2026","protected":false},"author":18,"featured_media":1933,"comment_status":"open","ping_status":"closed","sticky":false,"template":"","format":"standard","meta":{"footnotes":""},"categories":[56],"tags":[],"class_list":["post-1932","post","type-post","status-publish","format-standard","has-post-thumbnail","hentry","category-lifestyle"],"acf":[],"_links":{"self":[{"href":"https:\/\/www.terresens.com\/fr\/wp-json\/wp\/v2\/posts\/1932","targetHints":{"allow":["GET"]}}],"collection":[{"href":"https:\/\/www.terresens.com\/fr\/wp-json\/wp\/v2\/posts"}],"about":[{"href":"https:\/\/www.terresens.com\/fr\/wp-json\/wp\/v2\/types\/post"}],"author":[{"embeddable":true,"href":"https:\/\/www.terresens.com\/fr\/wp-json\/wp\/v2\/users\/18"}],"replies":[{"embeddable":true,"href":"https:\/\/www.terresens.com\/fr\/wp-json\/wp\/v2\/comments?post=1932"}],"version-history":[{"count":1,"href":"https:\/\/www.terresens.com\/fr\/wp-json\/wp\/v2\/posts\/1932\/revisions"}],"predecessor-version":[{"id":1934,"href":"https:\/\/www.terresens.com\/fr\/wp-json\/wp\/v2\/posts\/1932\/revisions\/1934"}],"wp:featuredmedia":[{"embeddable":true,"href":"https:\/\/www.terresens.com\/fr\/wp-json\/wp\/v2\/media\/1933"}],"wp:attachment":[{"href":"https:\/\/www.terresens.com\/fr\/wp-json\/wp\/v2\/media?parent=1932"}],"wp:term":[{"taxonomy":"category","embeddable":true,"href":"https:\/\/www.terresens.com\/fr\/wp-json\/wp\/v2\/categories?post=1932"},{"taxonomy":"post_tag","embeddable":true,"href":"https:\/\/www.terresens.com\/fr\/wp-json\/wp\/v2\/tags?post=1932"}],"curies":[{"name":"wp","href":"https:\/\/api.w.org\/{rel}","templated":true}]}}