{"id":1811,"date":"2016-05-27T13:23:09","date_gmt":"2016-05-27T12:23:09","guid":{"rendered":"http:\/\/www.terresens.com\/?p=1811"},"modified":"2016-06-16T14:08:26","modified_gmt":"2016-06-16T13:08:26","slug":"combloux-showroom","status":"publish","type":"post","link":"https:\/\/www.terresens.com\/fr\/combloux-showroom\/","title":{"rendered":"Le showroom des Fermes du Mont-Blanc &#8230;"},"content":{"rendered":"<h2 style=\"text-align: justify;\"><span style=\"color: #444444;\">Les Fermes du Mont-Blanc \u00e0 Combloux\u00a0: d\u00e9couvrez le showroom !<br \/>\n<\/span><\/h2>\n<h3 style=\"text-align: justify;\"><span style=\"color: #b2e21e;\">La r\u00e9sidence de Combloux<\/span><\/h3>\n<p style=\"text-align: justify;\">Proche de quatre stations et au c\u0153ur de deux domaines skiables, Combloux s\u2019entoure des stations de Meg\u00e8ve, les Contamines, Saint-Gervais et La Giettaz dans les domaines des Portes du Mont-Blanc et \u00c9vasion Mont-Blanc.<\/p>\n<p style=\"text-align: justify;\">La r\u00e9sidence Les Fermes du Mont-Blanc propose 52 appartements du T1 au T4 Duplex et 4 master-chalets ou 8 demi-chalets. Luxe et chaleur se m\u00e9langent \u00e0 l\u2019esprit montagnard dans lequel la r\u00e9sidence est construite\u00a0; avec au c\u0153ur de celle-ci des prestations haut-de-gamme telles un accueil chaleureux, une piscine int\u00e9rieure chauff\u00e9e et un spa, un espace enfants et bien d\u2019autres services de qualit\u00e9\u2026<\/p>\n<h3 style=\"text-align: justify;\"><span style=\"color: #b2e21e;\">L\u2019appartement t\u00e9moin<\/span><\/h3>\n<p style=\"text-align: justify;\">Le showroom est \u00e0 pr\u00e9sent termin\u00e9 et est visible sur le lieu de construction de la r\u00e9sidence au 281 route de Meg\u00e8ve \u00e0 Combloux. Mobilier contemporain et haut de gamme dans un esprit rustique, Les Fermes du Mont-Blanc vous proposent un cocon permettant d\u2019allier sport de montagne et d\u00e9tente en famille ou entre amis.<\/p>\n<p style=\"text-align: justify;\">Le showroom vous attend, n\u2019h\u00e9sitez pas \u00e0 nous contacter pour une visite ou pour plus de renseignements.<\/p>\n<p style=\"text-align: justify;\"><img loading=\"lazy\" decoding=\"async\" class=\"aligncenter wp-image-1813 size-large\" src=\"http:\/\/www.terresens.com\/wp-content\/uploads\/2016\/05\/chbre-700x437.jpg\" alt=\"appartement temoin - combloux\" width=\"700\" height=\"437\" srcset=\"https:\/\/www.terresens.com\/wp-content\/uploads\/2016\/05\/chbre-700x437.jpg 700w, https:\/\/www.terresens.com\/wp-content\/uploads\/2016\/05\/chbre-250x156.jpg 250w, https:\/\/www.terresens.com\/wp-content\/uploads\/2016\/05\/chbre-768x479.jpg 768w, https:\/\/www.terresens.com\/wp-content\/uploads\/2016\/05\/chbre-120x75.jpg 120w, https:\/\/www.terresens.com\/wp-content\/uploads\/2016\/05\/chbre.jpg 1500w\" sizes=\"auto, (max-width: 700px) 100vw, 700px\" \/><\/p>\n<p style=\"text-align: justify;\"><img loading=\"lazy\" decoding=\"async\" class=\"aligncenter wp-image-1814 size-large\" src=\"http:\/\/www.terresens.com\/wp-content\/uploads\/2016\/05\/salle-a-manger-700x437.jpg\" alt=\"appartement temoin - combloux\" width=\"700\" height=\"437\" srcset=\"https:\/\/www.terresens.com\/wp-content\/uploads\/2016\/05\/salle-a-manger-700x437.jpg 700w, https:\/\/www.terresens.com\/wp-content\/uploads\/2016\/05\/salle-a-manger-250x156.jpg 250w, https:\/\/www.terresens.com\/wp-content\/uploads\/2016\/05\/salle-a-manger-768x479.jpg 768w, https:\/\/www.terresens.com\/wp-content\/uploads\/2016\/05\/salle-a-manger-120x75.jpg 120w, https:\/\/www.terresens.com\/wp-content\/uploads\/2016\/05\/salle-a-manger.jpg 1500w\" sizes=\"auto, (max-width: 700px) 100vw, 700px\" \/><\/p>\n<p style=\"text-align: justify;\"><img loading=\"lazy\" decoding=\"async\" class=\"aligncenter wp-image-1815 size-large\" src=\"http:\/\/www.terresens.com\/wp-content\/uploads\/2016\/05\/salon-700x437.jpg\" alt=\"appartement temoin - combloux \" width=\"700\" height=\"437\" srcset=\"https:\/\/www.terresens.com\/wp-content\/uploads\/2016\/05\/salon-700x437.jpg 700w, https:\/\/www.terresens.com\/wp-content\/uploads\/2016\/05\/salon-250x156.jpg 250w, https:\/\/www.terresens.com\/wp-content\/uploads\/2016\/05\/salon-768x479.jpg 768w, https:\/\/www.terresens.com\/wp-content\/uploads\/2016\/05\/salon-120x75.jpg 120w, https:\/\/www.terresens.com\/wp-content\/uploads\/2016\/05\/salon.jpg 1500w\" sizes=\"auto, (max-width: 700px) 100vw, 700px\" \/><\/p>\n<p style=\"text-align: justify;\"><img loading=\"lazy\" decoding=\"async\" class=\"aligncenter wp-image-1816 size-large\" src=\"http:\/\/www.terresens.com\/wp-content\/uploads\/2016\/05\/table-700x437.jpg\" alt=\"appartement temoin - combloux - table - exterieur\" width=\"700\" height=\"437\" srcset=\"https:\/\/www.terresens.com\/wp-content\/uploads\/2016\/05\/table-700x437.jpg 700w, https:\/\/www.terresens.com\/wp-content\/uploads\/2016\/05\/table-250x156.jpg 250w, https:\/\/www.terresens.com\/wp-content\/uploads\/2016\/05\/table-768x479.jpg 768w, https:\/\/www.terresens.com\/wp-content\/uploads\/2016\/05\/table-120x75.jpg 120w, https:\/\/www.terresens.com\/wp-content\/uploads\/2016\/05\/table.jpg 1500w\" sizes=\"auto, (max-width: 700px) 100vw, 700px\" \/><\/p>\n<p style=\"text-align: justify;\">\n","protected":false},"excerpt":{"rendered":"Les Fermes du Mont-Blanc \u00e0 Combloux\u00a0: d\u00e9couvrez le showroom ! La r\u00e9sidence de Combloux Proche de quatre stations et au c\u0153ur de deux domaines skiables, Combloux s\u2019entoure des stations de Meg\u00e8ve, les Contamines, Saint-Gervais et La Giettaz dans les domaines des Portes du Mont-Blanc et \u00c9vasion Mont-Blanc. La r\u00e9sidence Les Fermes du Mont-Blanc propose 52\u2026","protected":false},"author":18,"featured_media":1812,"comment_status":"open","ping_status":"closed","sticky":false,"template":"","format":"standard","meta":{"footnotes":""},"categories":[54],"tags":[],"class_list":["post-1811","post","type-post","status-publish","format-standard","has-post-thumbnail","hentry","category-programmes"],"acf":[],"_links":{"self":[{"href":"https:\/\/www.terresens.com\/fr\/wp-json\/wp\/v2\/posts\/1811","targetHints":{"allow":["GET"]}}],"collection":[{"href":"https:\/\/www.terresens.com\/fr\/wp-json\/wp\/v2\/posts"}],"about":[{"href":"https:\/\/www.terresens.com\/fr\/wp-json\/wp\/v2\/types\/post"}],"author":[{"embeddable":true,"href":"https:\/\/www.terresens.com\/fr\/wp-json\/wp\/v2\/users\/18"}],"replies":[{"embeddable":true,"href":"https:\/\/www.terresens.com\/fr\/wp-json\/wp\/v2\/comments?post=1811"}],"version-history":[{"count":5,"href":"https:\/\/www.terresens.com\/fr\/wp-json\/wp\/v2\/posts\/1811\/revisions"}],"predecessor-version":[{"id":1902,"href":"https:\/\/www.terresens.com\/fr\/wp-json\/wp\/v2\/posts\/1811\/revisions\/1902"}],"wp:featuredmedia":[{"embeddable":true,"href":"https:\/\/www.terresens.com\/fr\/wp-json\/wp\/v2\/media\/1812"}],"wp:attachment":[{"href":"https:\/\/www.terresens.com\/fr\/wp-json\/wp\/v2\/media?parent=1811"}],"wp:term":[{"taxonomy":"category","embeddable":true,"href":"https:\/\/www.terresens.com\/fr\/wp-json\/wp\/v2\/categories?post=1811"},{"taxonomy":"post_tag","embeddable":true,"href":"https:\/\/www.terresens.com\/fr\/wp-json\/wp\/v2\/tags?post=1811"}],"curies":[{"name":"wp","href":"https:\/\/api.w.org\/{rel}","templated":true}]}}